{"id":53060,"date":"2025-08-31T20:00:26","date_gmt":"2025-08-31T20:00:26","guid":{"rendered":"https:\/\/www.europesays.com\/pt\/53060\/"},"modified":"2025-08-31T20:00:26","modified_gmt":"2025-08-31T20:00:26","slug":"conheca-as-novas-regras-de-pagamento","status":"publish","type":"post","link":"https:\/\/www.europesays.com\/pt\/53060\/","title":{"rendered":"conhe\u00e7a as novas regras de pagamento"},"content":{"rendered":"<p>O IUC (Imposto \u00danico de Circula\u00e7\u00e3o), tamb\u00e9m conhecido como &#8220;selo do carro&#8221;,\u00a0 \u00e9 um imposto anual que incide sobre a propriedade de um ve\u00edculo autom\u00f3vel (e n\u00e3o sobre a circula\u00e7\u00e3o), pago at\u00e9 o ve\u00edculo ser abatido. Conhe\u00e7a as mudan\u00e7as para 2026.<\/p>\n<p><a target=\"_blank\" href=\"https:\/\/pplware.sapo.pt\/wp-content\/uploads\/2025\/08\/garantia_carros_usados00.webp\" rel=\"nofollow noopener\"><img fetchpriority=\"high\" decoding=\"async\" src=\"https:\/\/www.europesays.com\/pt\/wp-content\/uploads\/2025\/08\/garantia_carros_usados00-720x405.webp.webp\" alt=\"\" width=\"720\" height=\"405\" class=\"aligncenter size-medium wp-image-1076129\"  \/><\/a><\/p>\n<p>O Imposto \u00danico de Circula\u00e7\u00e3o (IUC) \u00e9 um tributo anual que todos os propriet\u00e1rios de ve\u00edculos matriculados em Portugal est\u00e3o obrigados a pagar. Conhecido popularmente como o \u201cselo do carro\u201d, este imposto incide sobre autom\u00f3veis, motociclos, ve\u00edculos pesados, barcos de recreio e aeronaves privadas.<\/p>\n<p>Em 2026 entram em vigor novas regras no calend\u00e1rio de pagamento, aprovadas pelo Governo no \u00e2mbito da simplifica\u00e7\u00e3o fiscal.<\/p>\n<p><a target=\"_blank\" href=\"https:\/\/pplware.sapo.pt\/wp-content\/uploads\/2024\/12\/carros01.jpg\" onclick=\"refreshIframe()\" class=\"foobox\" rel=\"nofollow noopener\"><img loading=\"lazy\" decoding=\"async\" src=\"https:\/\/www.europesays.com\/pt\/wp-content\/uploads\/2025\/08\/carros01-720x405.jpg\" alt=\"\" width=\"720\" height=\"405\" class=\"aligncenter size-medium wp-image-1032252\"  \/><\/a><\/p>\n<p>IUC &#8211; Novo calend\u00e1rio de pagamento<\/p>\n<p>At\u00e9 agora, o prazo limite para pagamento do IUC dependia da data da matr\u00edcula do ve\u00edculo, o que levava a esquecimentos e penaliza\u00e7\u00f5es.<\/p>\n<p><strong>A partir de 1 de janeiro de 2026,<\/strong> as regras passam a ser as seguintes:<\/p>\n<ul>\n<li><strong>Para valores iguais ou inferiores a 100 \u20ac<\/strong>, o IUC deve ser liquidado at\u00e9 ao final do m\u00eas de fevereiro.<\/li>\n<li><strong>Para valores superiores a 100 \u20ac<\/strong>, o imposto pode ser pago em duas presta\u00e7\u00f5es iguais, a efetuar em fevereiro e outubro.<\/li>\n<\/ul>\n<p>Desta forma, todos os contribuintes passam a ter prazos uniformes e previs\u00edveis.<\/p>\n<p>O <strong>pagamento do IUC deve ser feito atrav\u00e9s do Portal das Finan\u00e7as<\/strong>, na \u00e1rea pessoal do contribuinte. Ap\u00f3s a emiss\u00e3o da nota de cobran\u00e7a, \u00e9 disponibilizada uma refer\u00eancia para pagamento por multibanco ou homebanking.<\/p>\n<p>O n\u00e3o pagamento atempado implica o pagamento de coimas, que come\u00e7am nos 25 \u20ac e podem aumentar consoante o tempo de atraso<\/p>\n","protected":false},"excerpt":{"rendered":"O IUC (Imposto \u00danico de Circula\u00e7\u00e3o), tamb\u00e9m conhecido como &#8220;selo do carro&#8221;,\u00a0 \u00e9 um imposto anual que incide&hellip;\n","protected":false},"author":2,"featured_media":53061,"comment_status":"","ping_status":"","sticky":false,"template":"","format":"standard","meta":{"footnotes":""},"categories":[10],"tags":[27,28,15,16,14,14256,25,26,21,22,12,13,19,20,32,23,24,33,15403,17,18,29,30,31],"class_list":{"0":"post-53060","1":"post","2":"type-post","3":"status-publish","4":"format-standard","5":"has-post-thumbnail","7":"category-portugal","8":"tag-breaking-news","9":"tag-breakingnews","10":"tag-featured-news","11":"tag-featurednews","12":"tag-headlines","13":"tag-iuc","14":"tag-latest-news","15":"tag-latestnews","16":"tag-main-news","17":"tag-mainnews","18":"tag-news","19":"tag-noticias","20":"tag-noticias-principais","21":"tag-noticiasprincipais","22":"tag-portugal","23":"tag-principais-noticias","24":"tag-principaisnoticias","25":"tag-pt","26":"tag-regras","27":"tag-top-stories","28":"tag-topstories","29":"tag-ultimas","30":"tag-ultimas-noticias","31":"tag-ultimasnoticias"},"share_on_mastodon":{"url":"","error":""},"_links":{"self":[{"href":"https:\/\/www.europesays.com\/pt\/wp-json\/wp\/v2\/posts\/53060","targetHints":{"allow":["GET"]}}],"collection":[{"href":"https:\/\/www.europesays.com\/pt\/wp-json\/wp\/v2\/posts"}],"about":[{"href":"https:\/\/www.europesays.com\/pt\/wp-json\/wp\/v2\/types\/post"}],"author":[{"embeddable":true,"href":"https:\/\/www.europesays.com\/pt\/wp-json\/wp\/v2\/users\/2"}],"replies":[{"embeddable":true,"href":"https:\/\/www.europesays.com\/pt\/wp-json\/wp\/v2\/comments?post=53060"}],"version-history":[{"count":0,"href":"https:\/\/www.europesays.com\/pt\/wp-json\/wp\/v2\/posts\/53060\/revisions"}],"wp:featuredmedia":[{"embeddable":true,"href":"https:\/\/www.europesays.com\/pt\/wp-json\/wp\/v2\/media\/53061"}],"wp:attachment":[{"href":"https:\/\/www.europesays.com\/pt\/wp-json\/wp\/v2\/media?parent=53060"}],"wp:term":[{"taxonomy":"category","embeddable":true,"href":"https:\/\/www.europesays.com\/pt\/wp-json\/wp\/v2\/categories?post=53060"},{"taxonomy":"post_tag","embeddable":true,"href":"https:\/\/www.europesays.com\/pt\/wp-json\/wp\/v2\/tags?post=53060"}],"curies":[{"name":"wp","href":"https:\/\/api.w.org\/{rel}","templated":true}]}}