{"id":53064,"date":"2025-08-31T20:02:29","date_gmt":"2025-08-31T20:02:29","guid":{"rendered":"https:\/\/www.europesays.com\/pt\/53064\/"},"modified":"2025-08-31T20:02:29","modified_gmt":"2025-08-31T20:02:29","slug":"namorada-de-alice-braga-abre-fotos-de-viagem-com-a-atriz-pela-italia-veja-imagens","status":"publish","type":"post","link":"https:\/\/www.europesays.com\/pt\/53064\/","title":{"rendered":"Namorada de Alice Braga abre fotos de viagem com a atriz pela It\u00e1lia; veja imagens"},"content":{"rendered":"\n<p class=\" content-text__container \" data-track-category=\"Link no Texto\" data-track-links=\"\"> Na legenda, Renata escreveu: &#8220;Pausa na vida&#8221;. <\/p>\n<p class=\" content-text__container \" data-track-category=\"Link no Texto\" data-track-links=\"\"> As duas viajam pelo pa\u00eds na Europa e passaram pela paradis\u00edaca Ilha Pantel\u00e1ria, na Sic\u00edlia, no Mar Mediterr\u00e2neo. <\/p>\n<p class=\" content-text__container \" data-track-category=\"Link no Texto\" data-track-links=\"\"> Discretas, Alice e Renata vivem um romance desde o in\u00edcio de 2024. A primeiro foto juntas nas redes sociais foi publicada em maio do ano passado. Tamb\u00e9m em 2024, Alice foi ao Esp\u00edrito Santo conhecer a fam\u00edlia de Renata. <\/p>\n","protected":false},"excerpt":{"rendered":"Na legenda, Renata escreveu: &#8220;Pausa na vida&#8221;. As duas viajam pelo pa\u00eds na Europa e passaram pela paradis\u00edaca&hellip;\n","protected":false},"author":2,"featured_media":53065,"comment_status":"","ping_status":"","sticky":false,"template":"","format":"standard","meta":{"footnotes":""},"categories":[145],"tags":[211,210,114,115,32,33,679],"class_list":{"0":"post-53064","1":"post","2":"type-post","3":"status-publish","4":"format-standard","5":"has-post-thumbnail","7":"category-celebridades","8":"tag-celebridades","9":"tag-celebrities","10":"tag-entertainment","11":"tag-entretenimento","12":"tag-portugal","13":"tag-pt","14":"tag-reportagem"},"share_on_mastodon":{"url":"","error":""},"_links":{"self":[{"href":"https:\/\/www.europesays.com\/pt\/wp-json\/wp\/v2\/posts\/53064","targetHints":{"allow":["GET"]}}],"collection":[{"href":"https:\/\/www.europesays.com\/pt\/wp-json\/wp\/v2\/posts"}],"about":[{"href":"https:\/\/www.europesays.com\/pt\/wp-json\/wp\/v2\/types\/post"}],"author":[{"embeddable":true,"href":"https:\/\/www.europesays.com\/pt\/wp-json\/wp\/v2\/users\/2"}],"replies":[{"embeddable":true,"href":"https:\/\/www.europesays.com\/pt\/wp-json\/wp\/v2\/comments?post=53064"}],"version-history":[{"count":0,"href":"https:\/\/www.europesays.com\/pt\/wp-json\/wp\/v2\/posts\/53064\/revisions"}],"wp:featuredmedia":[{"embeddable":true,"href":"https:\/\/www.europesays.com\/pt\/wp-json\/wp\/v2\/media\/53065"}],"wp:attachment":[{"href":"https:\/\/www.europesays.com\/pt\/wp-json\/wp\/v2\/media?parent=53064"}],"wp:term":[{"taxonomy":"category","embeddable":true,"href":"https:\/\/www.europesays.com\/pt\/wp-json\/wp\/v2\/categories?post=53064"},{"taxonomy":"post_tag","embeddable":true,"href":"https:\/\/www.europesays.com\/pt\/wp-json\/wp\/v2\/tags?post=53064"}],"curies":[{"name":"wp","href":"https:\/\/api.w.org\/{rel}","templated":true}]}}