{"id":53066,"date":"2025-08-31T20:05:16","date_gmt":"2025-08-31T20:05:16","guid":{"rendered":"https:\/\/www.europesays.com\/pt\/53066\/"},"modified":"2025-08-31T20:05:16","modified_gmt":"2025-08-31T20:05:16","slug":"no-algarve-fabio-paim-surge-com-companhia-especial-e-surpreendente","status":"publish","type":"post","link":"https:\/\/www.europesays.com\/pt\/53066\/","title":{"rendered":"No Algarve, F\u00e1bio Paim surge com companhia especial&#8230; e surpreendente!"},"content":{"rendered":"<p>De volta \u00e0 vida real, depois de ter passado pelo &#8220;Big Brother Ver\u00e3o&#8221;, F\u00e1bio Paim tem aproveitado o ver\u00e3o da melhor forma, nomeadamente no Algarve.<\/p>\n<p>Neste s\u00e1bado, dia 30, o ex-futebolista apareceu numa imagem partilhada por <a href=\"https:\/\/selfie.iol.pt\/famosos\/big-brother\/ao-lado-de-conhecido-cantor-daniela-santos-anuncia-novidade-especial-tenho-recebido-muitas-mensagens-a-perguntar\/20250824\/68ab6aa7d34e3f0baea1efe4\" target=\"_blank\" rel=\"nofollow noopener\">Daniela Santos<\/a> com os seguidores do Instagram e captada no sul de Portugal.<\/p>\n<p>Al\u00e9m dos dois ex-concorrentes do &#8220;Big Brother Ver\u00e3o&#8221;, surgem no registo fotogr\u00e1fico um vencedor de outro reality show da <a href=\"https:\/\/tvi.iol.pt\/\" target=\"_blank\" rel=\"nofollow noopener\">TVI<\/a>, o &#8220;<a href=\"https:\/\/tvi.iol.pt\/bigbrother\/\" target=\"_blank\" rel=\"nofollow noopener\">Big Brother<\/a> 2022&#8243;, Miguel Vicente, a namorada do algarvio, Beatriz Castro, e o filho de ambos, Duarte.<\/p>\n<p>Veja, agora, nas galerias que prepar\u00e1mos para si, as melhores imagens de F\u00e1bio Paim, <a href=\"https:\/\/selfie.iol.pt\/famosos\/big-brother\/familiar-de-afonso-leitao-faz-acusacao-grave-contra-daniela-santos-e-que-envolve-jessica-vieira\/20250824\/68aada3ed34ef72ee449bca6\" target=\"_blank\" rel=\"nofollow noopener\">Daniela Santos<\/a>, Miguel Vicente e Beatriz Castro.<\/p>\n<p style=\"text-align:center\"><img loading=\"lazy\" decoding=\"async\" alt=\"\" height=\"889\" src=\"https:\/\/www.europesays.com\/pt\/wp-content\/uploads\/2025\/08\/68b4921fd34ef72ee449ff44.webp\" width=\"500\"\/><\/p>\n<p>\u00a0<\/p>\n","protected":false},"excerpt":{"rendered":"De volta \u00e0 vida real, depois de ter passado pelo &#8220;Big Brother Ver\u00e3o&#8221;, F\u00e1bio Paim tem aproveitado o&hellip;\n","protected":false},"author":2,"featured_media":53067,"comment_status":"","ping_status":"","sticky":false,"template":"","format":"standard","meta":{"footnotes":""},"categories":[142],"tags":[6308,10602,48,1170,1397,8239,114,115,6309,337,980,3435,1015,9102,619,32,33,1014,1012,151,162],"class_list":{"0":"post-53066","1":"post","2":"type-post","3":"status-publish","4":"format-standard","5":"has-post-thumbnail","7":"category-tv","8":"tag-bb","9":"tag-beatriz-castro","10":"tag-big-brother","11":"tag-big-brother-verao","12":"tag-daniela-santos","13":"tag-duarte","14":"tag-entertainment","15":"tag-entretenimento","16":"tag-ex-concorrente","17":"tag-fabio-paim","18":"tag-famosos","19":"tag-filho","20":"tag-instagram","21":"tag-miguel-vicente","22":"tag-nacional","23":"tag-portugal","24":"tag-pt","25":"tag-reality-show","26":"tag-selfie","27":"tag-tv","28":"tag-tvi"},"share_on_mastodon":{"url":"","error":""},"_links":{"self":[{"href":"https:\/\/www.europesays.com\/pt\/wp-json\/wp\/v2\/posts\/53066","targetHints":{"allow":["GET"]}}],"collection":[{"href":"https:\/\/www.europesays.com\/pt\/wp-json\/wp\/v2\/posts"}],"about":[{"href":"https:\/\/www.europesays.com\/pt\/wp-json\/wp\/v2\/types\/post"}],"author":[{"embeddable":true,"href":"https:\/\/www.europesays.com\/pt\/wp-json\/wp\/v2\/users\/2"}],"replies":[{"embeddable":true,"href":"https:\/\/www.europesays.com\/pt\/wp-json\/wp\/v2\/comments?post=53066"}],"version-history":[{"count":0,"href":"https:\/\/www.europesays.com\/pt\/wp-json\/wp\/v2\/posts\/53066\/revisions"}],"wp:featuredmedia":[{"embeddable":true,"href":"https:\/\/www.europesays.com\/pt\/wp-json\/wp\/v2\/media\/53067"}],"wp:attachment":[{"href":"https:\/\/www.europesays.com\/pt\/wp-json\/wp\/v2\/media?parent=53066"}],"wp:term":[{"taxonomy":"category","embeddable":true,"href":"https:\/\/www.europesays.com\/pt\/wp-json\/wp\/v2\/categories?post=53066"},{"taxonomy":"post_tag","embeddable":true,"href":"https:\/\/www.europesays.com\/pt\/wp-json\/wp\/v2\/tags?post=53066"}],"curies":[{"name":"wp","href":"https:\/\/api.w.org\/{rel}","templated":true}]}}