{"id":53087,"date":"2025-08-31T20:29:06","date_gmt":"2025-08-31T20:29:06","guid":{"rendered":"https:\/\/www.europesays.com\/pt\/53087\/"},"modified":"2025-08-31T20:29:06","modified_gmt":"2025-08-31T20:29:06","slug":"as-tendencias-de-decoracao-que-vao-transformar-sua-casa-em-2025","status":"publish","type":"post","link":"https:\/\/www.europesays.com\/pt\/53087\/","title":{"rendered":"As tend\u00eancias de decora\u00e7\u00e3o que v\u00e3o transformar sua casa em 2025"},"content":{"rendered":"<p>Com a chegada da <strong>primavera<\/strong> e do <strong>ver\u00e3o de 2025<\/strong>, o mundo da decora\u00e7\u00e3o se revitaliza com novas <a href=\"https:\/\/www.em.com.br\/emfoco\/2025\/08\/30\/tendencias-de-banquetas-para-2026-que-vao-valorizar-qualquer-cozinha\/\" target=\"_blank\" rel=\"noopener nofollow\">tend\u00eancias<\/a> que prometem transformar os espa\u00e7os interiores em verdadeiros o\u00e1sis de beleza e conforto. As esta\u00e7\u00f5es mais quentes do ano trazem consigo uma paleta de cores refrescantes, estilos inovadores e materiais sustent\u00e1veis que ir\u00e3o ditar o tom das decora\u00e7\u00f5es. Observa-se um movimento em dire\u00e7\u00e3o a um design que equilibra criatividade e respeito ao meio ambiente, refletindo uma consci\u00eancia cada vez mais presente entre designers e consumidores.<\/p>\n<p>A valoriza\u00e7\u00e3o do natural e do org\u00e2nico \u00e9 uma das principais diretrizes para <strong>2025<\/strong>. Elementos como madeira, pedra e fibras naturais est\u00e3o no centro das aten\u00e7\u00f5es, proporcionando uma conex\u00e3o com a natureza que \u00e9 ao mesmo tempo visualmente agrad\u00e1vel e funcional. Neste sentido, a <a href=\"https:\/\/br.pinterest.com\/search\/pins\/?q=wabi%20sabi&amp;rs=typed\" target=\"_blank\" rel=\"noreferrer noopener nofollow\">est\u00e9tica minimalista japonesa<\/a>, conhecida como <strong>Wabi-Sabi<\/strong>, continua a ganhar adeptos, celebrando a beleza na imperfei\u00e7\u00e3o e a simplicidade dos materiais naturais. Vale mencionar que, nesse contexto, muitas refer\u00eancias v\u00eam de designers renomados de pa\u00edses como <strong>Jap\u00e3o<\/strong> e da tradi\u00e7\u00e3o escandinava, refletindo uma tend\u00eancia globalizada nas escolhas de decora\u00e7\u00e3o.<\/p>\n<p>Quais cores estar\u00e3o em alta na decora\u00e7\u00e3o de 2025?<\/p>\n<p>As cores que dominam a paleta de decora\u00e7\u00e3o para o ano s\u00e3o aquelas inspiradas pela natureza. Tons de verde, azul e terracota est\u00e3o em alta, evocando a tranquilidade de paisagens naturais. O verde, representando a renova\u00e7\u00e3o, \u00e9 usado em v\u00e1rias tonalidades, desde os mais suaves at\u00e9 os mais vibrantes, trazendo frescor aos ambientes. O azul, por sua vez, oferece serenidade e sofistica\u00e7\u00e3o, funcionando bem tanto em detalhes quanto em grandes \u00e1reas.<\/p>\n<p>O terracota, quente e acolhedor, remete \u00e0 terra e ao calor, criando um contraponto interessante com as cores mais frias. Al\u00e9m dessas, os neutros continuam sendo baseados em bege e cinza, proporcionando um pano de fundo vers\u00e1til para cores mais ousadas e permitindo composi\u00e7\u00f5es equilibradas. Marcas internacionais, como <strong>Pantone<\/strong>, j\u00e1 destacaram essas tonalidades em suas previs\u00f5es anuais, refor\u00e7ando a aposta de designers em todo o mundo.<\/p>\n<p>O que muda em rela\u00e7\u00e3o aos materiais e texturas para as novas tend\u00eancias?<\/p>\n<p>Em <strong>2025<\/strong>, as texturas desempenham um papel fundamental na decora\u00e7\u00e3o, adicionando profundidade e interesse visual aos interiores. O uso de materiais naturais \u00e9 essencial, com predom\u00ednio de madeiras claras e pedras brutas que trazem um toque de rusticidade moderna aos ambientes. Fibras vegetais, como o linho e o sisal, tamb\u00e9m est\u00e3o em destaque, cada qual com sua textura \u00fanica que adiciona calor e personalidade aos espa\u00e7os.<\/p>\n<p><img loading=\"lazy\" decoding=\"async\" width=\"1024\" height=\"576\" src=\"https:\/\/www.europesays.com\/pt\/wp-content\/uploads\/2025\/08\/Wabi-Sabi_1756569224698-1024x576.jpg\" alt=\"\" class=\"wp-image-98741\"  \/>Est\u00e9tica minimalista japonesa \u2013 Cr\u00e9ditos: depositphotos.com \/ Laci_10<\/p>\n<p>Outro material que promete ser tend\u00eancia \u00e9 o vidro reciclado, utilizado em lumin\u00e1rias e objetos decorativos. Sua apar\u00eancia transl\u00facida e irregular n\u00e3o s\u00f3 contribui para uma est\u00e9tica moderna, mas tamb\u00e9m incorpora a valoriza\u00e7\u00e3o da sustentabilidade t\u00e3o em voga nos dias de hoje. Grandes eventos como a <strong>Semana de Design de Mil\u00e3o<\/strong> j\u00e1 antecipam uma ado\u00e7\u00e3o crescente de materiais ecofriendly, inspirando inclusive projetos corporativos e residenciais em grandes cidades como <strong>S\u00e3o Paulo<\/strong> e <strong>Paris<\/strong>.<\/p>\n<p>Como os estilos decorativos se reinventam para 2025?<\/p>\n<p>O conceito de decora\u00e7\u00e3o est\u00e1 cada vez mais focado na personalidade e no estilo de vida de seus habitantes. Nesta temporada, vemos a fus\u00e3o de estilos, como o boho moderno, que mistura influ\u00eancias \u00e9tnicas com um toque contempor\u00e2neo. Este estilo \u00e9 caracterizado por uma combina\u00e7\u00e3o de padr\u00f5es vibrantes, tecidos de origem artesanal e plantas decorativas, criando uma atmosfera acolhedora e descontra\u00edda.<\/p>\n<p>O design escandinavo, com seu enfoque no minimalismo e funcionalidade, tamb\u00e9m adquire novas formas com a adi\u00e7\u00e3o de elementos coloridos e texturas ricas. A incorpora\u00e7\u00e3o de pe\u00e7as vintage, revitalizadas ou reinventadas, adiciona um charme especial, permitindo que as hist\u00f3rias pessoais dos moradores sejam parte integrante da decora\u00e7\u00e3o. Exposi\u00e7\u00f5es em galerias de <strong>Nova York<\/strong> e <strong>Londres<\/strong> t\u00eam influenciado diretamente essas escolhas, trazendo ainda mais autenticidade e inspira\u00e7\u00e3o \u00e0 composi\u00e7\u00e3o dos espa\u00e7os.<\/p>\n<p>Em suma, a decora\u00e7\u00e3o para <strong>primavera\/ver\u00e3o de 2025<\/strong> mistura inova\u00e7\u00e3o e tradi\u00e7\u00e3o, com cores e materiais que refletem uma consci\u00eancia ecol\u00f3gica e um apre\u00e7o pela individualidade. A tend\u00eancia \u00e9 criar ambientes que sejam n\u00e3o apenas esteticamente agrad\u00e1veis, mas verdadeiramente habit\u00e1veis e em harmonia com o meio ambiente.<\/p>\n","protected":false},"excerpt":{"rendered":"Com a chegada da primavera e do ver\u00e3o de 2025, o mundo da decora\u00e7\u00e3o se revitaliza com novas&hellip;\n","protected":false},"author":2,"featured_media":53088,"comment_status":"","ping_status":"","sticky":false,"template":"","format":"standard","meta":{"footnotes":""},"categories":[144],"tags":[207,205,206,203,201,202,204,114,115,32,33],"class_list":{"0":"post-53087","1":"post","2":"type-post","3":"status-publish","4":"format-standard","5":"has-post-thumbnail","7":"category-arte-e-design","8":"tag-arte","9":"tag-arte-e-design","10":"tag-artedesign","11":"tag-arts","12":"tag-arts-and-design","13":"tag-artsanddesign","14":"tag-design","15":"tag-entertainment","16":"tag-entretenimento","17":"tag-portugal","18":"tag-pt"},"share_on_mastodon":{"url":"","error":""},"_links":{"self":[{"href":"https:\/\/www.europesays.com\/pt\/wp-json\/wp\/v2\/posts\/53087","targetHints":{"allow":["GET"]}}],"collection":[{"href":"https:\/\/www.europesays.com\/pt\/wp-json\/wp\/v2\/posts"}],"about":[{"href":"https:\/\/www.europesays.com\/pt\/wp-json\/wp\/v2\/types\/post"}],"author":[{"embeddable":true,"href":"https:\/\/www.europesays.com\/pt\/wp-json\/wp\/v2\/users\/2"}],"replies":[{"embeddable":true,"href":"https:\/\/www.europesays.com\/pt\/wp-json\/wp\/v2\/comments?post=53087"}],"version-history":[{"count":0,"href":"https:\/\/www.europesays.com\/pt\/wp-json\/wp\/v2\/posts\/53087\/revisions"}],"wp:featuredmedia":[{"embeddable":true,"href":"https:\/\/www.europesays.com\/pt\/wp-json\/wp\/v2\/media\/53088"}],"wp:attachment":[{"href":"https:\/\/www.europesays.com\/pt\/wp-json\/wp\/v2\/media?parent=53087"}],"wp:term":[{"taxonomy":"category","embeddable":true,"href":"https:\/\/www.europesays.com\/pt\/wp-json\/wp\/v2\/categories?post=53087"},{"taxonomy":"post_tag","embeddable":true,"href":"https:\/\/www.europesays.com\/pt\/wp-json\/wp\/v2\/tags?post=53087"}],"curies":[{"name":"wp","href":"https:\/\/api.w.org\/{rel}","templated":true}]}}