{"id":53089,"date":"2025-08-31T20:34:58","date_gmt":"2025-08-31T20:34:58","guid":{"rendered":"https:\/\/www.europesays.com\/pt\/53089\/"},"modified":"2025-08-31T20:34:58","modified_gmt":"2025-08-31T20:34:58","slug":"marcelo-pede-reconhecimento-para-afrodescendentes-observador","status":"publish","type":"post","link":"https:\/\/www.europesays.com\/pt\/53089\/","title":{"rendered":"Marcelo pede reconhecimento para afrodescendentes \u2013 Observador"},"content":{"rendered":"<p>O Presidente da Rep\u00fablica, Marcelo Rebelo de Sousa, pediu neste domingo o reconhecimento d<strong>a \u201ccontribui\u00e7\u00e3o da di\u00e1spora africana para a sociedade portuguesa\u201d<\/strong>, quando se assinala o Dia Internacional das Pessoas Afrodescendentes.<\/p>\n<p>\u201cA contribui\u00e7\u00e3o da di\u00e1spora africana para a sociedade portuguesa deve ser reconhecida e acompanhada pelo combate a todas as formas de discrimina\u00e7\u00e3o e viol\u00eancia contra as pessoas afrodescendentes, assinalada tamb\u00e9m neste dia\u201d, indica a nota divulgada pela presid\u00eancia.<\/p>\n<p>Marcelo diz pretender homenagear os afrodescendentes que \u201crevigoram e enriquecem\u201d Portugal.<\/p>\n<p>\u201cQue nos possamos encaminhar no sentido de uma vizinhan\u00e7a fraterna e sem preconceitos, em que vivemos como iguais no sentido de um Portugal mais justo e menos desigual\u201d, adianta.<\/p>\n<p>Segundo dados do Instituto Nacional de Estat\u00edstica (INE), em 2023, a popula\u00e7\u00e3o afrodescendente representava 6,1% dos residentes em Portugal com idades entre os 18 e os 74 anos e cerca de um ter\u00e7o (31,7%) j\u00e1 tinha sofrido discrimina\u00e7\u00e3o.<\/p>\n<p>Quase tr\u00eas quartos (72,8%) dos afrodescendentes consideravam existir discrimina\u00e7\u00e3o em Portugal e mais de metade (55,2%) j\u00e1 tinha testemunhado situa\u00e7\u00f5es de discrimina\u00e7\u00e3o.<\/p>\n<p>Dos 462,4 mil afrodescendentes que em 2023 residiam no pa\u00eds, 201,6 mil (2,7%) eram de primeira gera\u00e7\u00e3o, 238,6 mil (3,1%) de segunda gera\u00e7\u00e3o e 22,3 mil (0,3%) de terceira gera\u00e7\u00e3o.<\/p>\n<p>Proclamado pelas Na\u00e7\u00f5es Unidas em 2020, o Dia Internacional dos Afrodescendentes visa a promo\u00e7\u00e3o e prote\u00e7\u00e3o dos direitos das pessoas de ascend\u00eancia africana e destacar as suas contribui\u00e7\u00f5es para a sociedade, bem como reconhecer a riqueza das culturas africanas e afrodescendentes e refor\u00e7ar o compromisso com a igualdade, justi\u00e7a e desenvolvimento para todos os povos de ascend\u00eancia africana.<\/p>\n<p>Em 17 de dezembro de 2024, a Assembleia-Geral da Na\u00e7\u00f5es Unidas aprovou a Segunda D\u00e9cada Internacional para Pessoas de Ascend\u00eancia Africana, com o tema \u201cPessoas de ascend\u00eancia africana: reconhecimento, justi\u00e7a e desenvolvimento\u201d, que se iniciou a 01 de janeiro deste ano e termina a 31 de dezembro de 2034.<\/p>\n","protected":false},"excerpt":{"rendered":"O Presidente da Rep\u00fablica, Marcelo Rebelo de Sousa, pediu neste domingo o reconhecimento da \u201ccontribui\u00e7\u00e3o da di\u00e1spora africana&hellip;\n","protected":false},"author":2,"featured_media":53090,"comment_status":"","ping_status":"","sticky":false,"template":"","format":"standard","meta":{"footnotes":""},"categories":[10],"tags":[27,28,15,16,14,25,26,21,22,62,12,13,19,20,32,23,24,33,58,17,18,1064,29,30,31],"class_list":{"0":"post-53089","1":"post","2":"type-post","3":"status-publish","4":"format-standard","5":"has-post-thumbnail","7":"category-portugal","8":"tag-breaking-news","9":"tag-breakingnews","10":"tag-featured-news","11":"tag-featurednews","12":"tag-headlines","13":"tag-latest-news","14":"tag-latestnews","15":"tag-main-news","16":"tag-mainnews","17":"tag-mundo","18":"tag-news","19":"tag-noticias","20":"tag-noticias-principais","21":"tag-noticiasprincipais","22":"tag-portugal","23":"tag-principais-noticias","24":"tag-principaisnoticias","25":"tag-pt","26":"tag-sociedade","27":"tag-top-stories","28":"tag-topstories","29":"tag-u00c1frica","30":"tag-ultimas","31":"tag-ultimas-noticias","32":"tag-ultimasnoticias"},"share_on_mastodon":{"url":"","error":""},"_links":{"self":[{"href":"https:\/\/www.europesays.com\/pt\/wp-json\/wp\/v2\/posts\/53089","targetHints":{"allow":["GET"]}}],"collection":[{"href":"https:\/\/www.europesays.com\/pt\/wp-json\/wp\/v2\/posts"}],"about":[{"href":"https:\/\/www.europesays.com\/pt\/wp-json\/wp\/v2\/types\/post"}],"author":[{"embeddable":true,"href":"https:\/\/www.europesays.com\/pt\/wp-json\/wp\/v2\/users\/2"}],"replies":[{"embeddable":true,"href":"https:\/\/www.europesays.com\/pt\/wp-json\/wp\/v2\/comments?post=53089"}],"version-history":[{"count":0,"href":"https:\/\/www.europesays.com\/pt\/wp-json\/wp\/v2\/posts\/53089\/revisions"}],"wp:featuredmedia":[{"embeddable":true,"href":"https:\/\/www.europesays.com\/pt\/wp-json\/wp\/v2\/media\/53090"}],"wp:attachment":[{"href":"https:\/\/www.europesays.com\/pt\/wp-json\/wp\/v2\/media?parent=53089"}],"wp:term":[{"taxonomy":"category","embeddable":true,"href":"https:\/\/www.europesays.com\/pt\/wp-json\/wp\/v2\/categories?post=53089"},{"taxonomy":"post_tag","embeddable":true,"href":"https:\/\/www.europesays.com\/pt\/wp-json\/wp\/v2\/tags?post=53089"}],"curies":[{"name":"wp","href":"https:\/\/api.w.org\/{rel}","templated":true}]}}