{"id":53091,"date":"2025-08-31T20:39:16","date_gmt":"2025-08-31T20:39:16","guid":{"rendered":"https:\/\/www.europesays.com\/pt\/53091\/"},"modified":"2025-08-31T20:39:16","modified_gmt":"2025-08-31T20:39:16","slug":"cate-blanchett-lanca-filme-com-adam-driver-no-festival-de-veneza-globo","status":"publish","type":"post","link":"https:\/\/www.europesays.com\/pt\/53091\/","title":{"rendered":"Cate Blanchett lan\u00e7a filme com Adam Driver no Festival de Veneza &#8211; Globo"},"content":{"rendered":"<ol>\n<li><a href=\"https:\/\/news.google.com\/rss\/articles\/CBMi4AFBVV95cUxPQ3hhd2I4X0V5ajZuNEg5b1ZkcXBOaGt6NkNGMTB5djYyN2JCSmlFWTM5T1VBYTJJN1o3QWNvUC1TNk5yQ1hNREFiaGVsaHN2a1ZNYjlKVVNuaktqbl9RRG9LcWdsN2pnTW0zRks2X1luTkhlVk1oWlVJbVpMUHlwVktDQjhQd1VjSm1WSVJsSmtHSGhIb3B4Zm1Md2JGQ09mZHJBMDFOdGR5akppV00tSkY4UVhmVVp2Um5yU3RzZWlFa1Vha2o5ZEJyeFAwMDViclFGQlNtNXFNaTdQOExmaNIB7wFBVV95cUxQWFlUejFoY2tlV2p6VW9GcjNtNG91djJreWw4NWlIQlAwdmpxMVEtZ1VLbDYxbnFkOUtwMVR0V3NBUlRYM1RqaXRSRTVEUkVWNlJreHlKaFlPN2ozTUpqaEh6b0N1amZ0SmtUNklkMnprakdoWEpsQWJjZWtVNnZGMDF2VERpN1ZQaUl3YS1EelBMTTl4bGdXUWh5QjdHRTQ2MFdVV24zemlFeV9ndzBzNV9QN0wzRnNqTEJZaWhFSFNDcXh2ZlkwSDFjZzBEWUVlSE0xZW5lQTR1R0JZUHFxWXJ4SXA1NWtvTFo0cTRQOA?oc=5\" target=\"_blank\" rel=\"nofollow noopener\">Cate Blanchett lan\u00e7a filme com Adam Driver no Festival de Veneza<\/a>&nbsp;&nbsp;Globo<\/li>\n<li><a href=\"https:\/\/news.google.com\/rss\/articles\/CBMilwJBVV95cUxPWk1OeDBsY0FRTU00UXVYbXZZeDZQc3FCNFFsM3NNN2ZnUl8zcjY5YmZPTEtSV3dxS0hvMkJIQXNvY05ndlRmNFBLM3BLbm1TYlFZY1B1azlxWmNDcEYyckM3eW1rNVR6UHgwazNQNzFPRk8tRjRRZ0U0bVRxMlFPT2txSFc5emVDcnlSaVI4Y183clBFU1l2X0Izdndla0l4ZzJJSXp3dEZ2ZFR5RC1BZldNOU9xbFVaUzIxNDZUNHNfOW1LaGp6UFZMSUEycktSU3NLYlF1LXkzbWIwS09qR1NlbkJfMlo2cGh2RlpxMW52VW9CbWY4MUlDNl9tWXVhZ1AzSTRlaHRsaWRWVzgzRnFldUFwbkE?oc=5\" target=\"_blank\" rel=\"nofollow noopener\">Tom Waits interpreta um pai exc\u00eantrico e recluso no teaser de Pai M\u00e3e Irm\u00e3 Irm\u00e3o, de Jim Jarmusch<\/a>&nbsp;&nbsp;Terra<\/li>\n<li><a href=\"https:\/\/news.google.com\/rss\/articles\/CBMie0FVX3lxTE5CR0RCdUN0QTg4Rk9zOFdqMk94WkliTWNGV0pCdnpuc2dfX2JDNkRuLXFwaHBRNUY4T1BSN1A4NTFlOG11S0xNSDJsX0ZMMW1wVWx2Nm1uN2hjcWlrQTZLdXl6eUl5WFBDSkhTUERrNjJSclVTa3pxVUdjWQ?oc=5\" target=\"_blank\" rel=\"nofollow noopener\">Pais, mestres e magos | Festival de Veneza 2025 (Dia 5)<\/a>&nbsp;&nbsp;Magazine.HD<\/li>\n<li><a href=\"https:\/\/news.google.com\/rss\/articles\/CBMijAFBVV95cUxOaFo5Wk1ZV1lKeVZzYVlsT1lnYmZkNjFCLUVIRW5UUG1GeF9RRWhHdm56VXVBSTlpRHd5Ql9JVF9NZUcxYV9fM0R1cWRDN08xSC1EU2Z0d0dRNU42LTZNamVZRFVSNlJ6NGltQnNiMy1BUjZPSDdsNUtDQjJBS1ItRHB5Ukh0WkMwc0pLRA?oc=5\" target=\"_blank\" rel=\"nofollow noopener\">Para Jim Jarmusch, haver\u00e1 sempre afectos em d\u00e9j\u00e0 vu<\/a>&nbsp;&nbsp;Observador<\/li>\n<li><a href=\"https:\/\/news.google.com\/rss\/articles\/CBMiygFBVV95cUxOdkdfSXNhTXU1d2hlNTMyQkVQNmxpQ2Y0dElnRi1iem16UkViQVhMbmt2LVBiTW5UTkdON3RVVmd0LXZSVnBlbkdYYXdCTlFISDJVYXVqVm9nX1dVMlBobV9icWhSRks5VjhJRUVCTHo4bWtJcTg2V3puRTAtYTR0SkdDbWpBRnhXZDdzVkdwUEJ0QUpWVWlGZldJb2F0SzFRV1VLZ2hZS3RRdDc1SEFnSmE2RkJ6bEMyQUpQQk1tcWZiV3lrcjhQZ1N30gHPAUFVX3lxTE51T1NwaFMwNFh6cTM4Y2NjVVlIQWFPdFVYOXowdy1wZDhyNFRWa3Z5UDBxeWZSallWd0t6MTFVdkNKYWJycnN6T1E0VjRVcVh4ZFRISkpSYlNnY2NOeEVNZEF1S0duNkV1ci1kSzdQT21EOV9JekRERjRBcC0xeGdaY3gzTWwySW55UXhTM0Y4blZwTW5wY1k4dFhUYzJUaUFHU1dqWl8xWS11SDFoNG5oUURYOS1USWxOZWVaT3hGdlhxamVVUU9XbmZGMGVJcw?oc=5\" target=\"_blank\" rel=\"nofollow noopener\">Tom Waits est\u00e1 de regresso ao cinema: veja-o no trailer do novo filme de Jim Jarmusch<\/a>&nbsp;&nbsp;Expresso<\/li>\n<\/ol>\n","protected":false},"excerpt":{"rendered":"Cate Blanchett lan\u00e7a filme com Adam Driver no Festival de Veneza&nbsp;&nbsp;Globo Tom Waits interpreta um pai exc\u00eantrico e&hellip;\n","protected":false},"author":2,"featured_media":53092,"comment_status":"","ping_status":"","sticky":false,"template":"","format":"standard","meta":{"footnotes":""},"categories":[140],"tags":[6344,15405,114,115,14554,147,148,146,32,33],"class_list":{"0":"post-53091","1":"post","2":"type-post","3":"status-publish","4":"format-standard","5":"has-post-thumbnail","7":"category-filmes","8":"tag-adam-driver","9":"tag-cate-blanchett","10":"tag-entertainment","11":"tag-entretenimento","12":"tag-festival-de-veneza","13":"tag-film","14":"tag-filmes","15":"tag-movies","16":"tag-portugal","17":"tag-pt"},"share_on_mastodon":{"url":"","error":""},"_links":{"self":[{"href":"https:\/\/www.europesays.com\/pt\/wp-json\/wp\/v2\/posts\/53091","targetHints":{"allow":["GET"]}}],"collection":[{"href":"https:\/\/www.europesays.com\/pt\/wp-json\/wp\/v2\/posts"}],"about":[{"href":"https:\/\/www.europesays.com\/pt\/wp-json\/wp\/v2\/types\/post"}],"author":[{"embeddable":true,"href":"https:\/\/www.europesays.com\/pt\/wp-json\/wp\/v2\/users\/2"}],"replies":[{"embeddable":true,"href":"https:\/\/www.europesays.com\/pt\/wp-json\/wp\/v2\/comments?post=53091"}],"version-history":[{"count":0,"href":"https:\/\/www.europesays.com\/pt\/wp-json\/wp\/v2\/posts\/53091\/revisions"}],"wp:featuredmedia":[{"embeddable":true,"href":"https:\/\/www.europesays.com\/pt\/wp-json\/wp\/v2\/media\/53092"}],"wp:attachment":[{"href":"https:\/\/www.europesays.com\/pt\/wp-json\/wp\/v2\/media?parent=53091"}],"wp:term":[{"taxonomy":"category","embeddable":true,"href":"https:\/\/www.europesays.com\/pt\/wp-json\/wp\/v2\/categories?post=53091"},{"taxonomy":"post_tag","embeddable":true,"href":"https:\/\/www.europesays.com\/pt\/wp-json\/wp\/v2\/tags?post=53091"}],"curies":[{"name":"wp","href":"https:\/\/api.w.org\/{rel}","templated":true}]}}