{"id":53093,"date":"2025-08-31T20:40:07","date_gmt":"2025-08-31T20:40:07","guid":{"rendered":"https:\/\/www.europesays.com\/pt\/53093\/"},"modified":"2025-08-31T20:40:07","modified_gmt":"2025-08-31T20:40:07","slug":"sporting-deixa-escapar-supertaca-iberica-para-o-barca-nos-sete-metros-andebol","status":"publish","type":"post","link":"https:\/\/www.europesays.com\/pt\/53093\/","title":{"rendered":"Sporting deixa &#8216;escapar&#8217; Superta\u00e7a Ib\u00e9rica para o Bar\u00e7a nos sete metros &#8211; Andebol"},"content":{"rendered":"<p class=\"\">&#13;<br \/>\n        O Sporting perdeu este domingo frente ao Barcelona no desempate por livres de sete metros (4-3), ap\u00f3s o 32-32\u00a0registado no per\u00edodo regulamentar da\u00a0final da Superta\u00e7a Ib\u00e9rica de andebol, no Centro de Desportos e Congressos de Matosinhos.&#13;\n    <\/p>\n<p class=\"\">&#13;<br \/>\n        O conjunto blaugrana \u00e9 o vencedor absoluto da prova, tendo vencido todas as quatro edi\u00e7\u00f5es j\u00e1 disputadas e repete o desfecho da final do ano passado, em que tamb\u00e9m havia derrotado os le\u00f5es por\u00a038-33, na cidade espanhola de\u00a0Torrelavega.&#13;\n    <\/p>\n<p class=\"\">&#13;<br \/>\n        Ainda que tenha sido incapaz de reverter a hist\u00f3ria recente e adicionar um trof\u00e9u nunca antes vencido ao palmar\u00e9s, o Sporting praticou um andebol de grande n\u00edvel e, uma vez mais, demonstrou a sua capacidade para ombrear com as\u00a0principais equipas europeias.&#13;\n    <\/p>\n<p class=\"\">&#13;<br \/>\n        Francisco Costa foi o principal marcador dos &#8216;le\u00f5es&#8217;, com seis golos, enquanto Timothey N&#8217; Guessan, dos catal\u00e3es, foi o melhor marcador da partida com nove.&#13;\n    <\/p>\n<p class=\"\">&#13;<br \/>\n        A partida iniciou-se a ritmo fren\u00e9tico, com duas forma\u00e7\u00f5es muito agressivas no ataque \u00e0 baliza e transi\u00e7\u00f5es r\u00e1pidas, que deixavam antever um grande espet\u00e1culo, sem que nenhuma conseguisse &#8216;descolar&#8217; no marcador.&#13;\n    <\/p>\n<p class=\"\">&#13;<br \/>\n        \u00c0 passagem dos 10 minutos, Salvador Salvador apontou os dois tentos que deixaram o Sporting com uma vantagem de 8-6, mas rapidamente o FC Barcelona rep\u00f4s a igualdade pelas m\u00e3os do internacional portugu\u00eas Lu\u00eds Frade.&#13;\n    <\/p>\n<p class=\"\">&#13;<br \/>\n        Uma primeira parte a ro\u00e7ar a perfei\u00e7\u00e3o levou os comandados de Ricardo Costa a chegarem ao intervalo na frente (15-13), numa exibi\u00e7\u00e3o que alimenta o sonho de mais uma excelente campanha europeia, depois de terem atingido os &#8216;quartos&#8217; da Liga dos Campe\u00f5es em 2024\/25.&#13;\n    <\/p>\n<p class=\"\">&#13;<br \/>\n        Na etapa complementar, os guarda-redes come\u00e7aram por se exibir a n\u00edveis superiores, com a efic\u00e1cia no remate quase irrepreens\u00edvel durante o primeiro tempo a perder-se um pouco nos primeiros minutos ap\u00f3s o regresso dos balne\u00e1rios.&#13;\n    <\/p>\n<p class=\"\">&#13;<br \/>\n        Come\u00e7ando por manter a vantagem nos tr\u00eas e dois golos, o Sporting acabou por permitir que os espanh\u00f3is passassem para a frente do resultado e cimentassem uma ligeira vantagem (23-21).&#13;\n    <\/p>\n<p class=\"\">&#13;<br \/>\n        O desconto de tempo pelo t\u00e9cnico Ricardo Costa acabou por se revelar importante para que a sua equipa voltasse ao seu melhor n\u00edvel. Com tr\u00eas minutos para o final, o conjunto &#8216;leonino&#8217; surgia novamente na frente para grande entusiasmo das bancadas em Matosinhos.&#13;\n    <\/p>\n<p class=\"\">&#13;<br \/>\n        Thimothey N&#8217;Guessan revelou-se decisivo para chegar ao 32-32 a poucos segundos do final, com o treinador sportinguista a pedir o seu \u00faltimo &#8216;time out&#8217;, mas o campe\u00e3o nacional n\u00e3o conseguiu desfazer a igualdade nos instantes finais, levando a partida para a convers\u00e3o de livres de sete metros.&#13;\n    <\/p>\n<p class=\"\">&#13;<br \/>\n        Nesse momento de desempate, Orri Torkelsson e Carlos Alvar\u00e9z permitiram as defesas do guarda-redes do FC Barcelona, que venceu assim por 4-3 e arrecadou a sua quarta Superta\u00e7a Ib\u00e9rica.&#13;\n    <\/p>\n<p class=\"\">&#13;<br \/>\n        <b>A ficha de jogo<\/b>&#13;\n    <\/p>\n<p class=\"\">&#13;<br \/>\n        Jogo no Pavilh\u00e3o do Centro de Desportos e Congressos de Matosinhos.&#13;\n    <\/p>\n<p class=\"\">&#13;<br \/>\n        FC Barcelona-Sporting, 32-32\u00a0ap\u00f3s\u00a0prolongamento, 4-3\u00a0no desempate por livres de sete metros.&#13;\n    <\/p>\n<p class=\"\">&#13;<br \/>\n        <b>Ao intervalo<\/b>: 13-15.&#13;\n    <\/p>\n<p class=\"\">&#13;<br \/>\n        No final dos 60 minutos regulamentares: 32-32.&#13;\n    <\/p>\n<p class=\"\">&#13;<br \/>\n        Marcadores nos desempates por livres de sete metros:&#13;\n    <\/p>\n<p class=\"\">&#13;<br \/>\n        0-0, Aleix G\u00f3mez.&#13;\n    <\/p>\n<p class=\"\">&#13;<br \/>\n        0-0, Orri Thorkelson.&#13;\n    <\/p>\n<p class=\"\">&#13;<br \/>\n        1-0, Ian Barrufet.&#13;\n    <\/p>\n<p class=\"\">&#13;<br \/>\n        1-1, Salvador Salvador.&#13;\n    <\/p>\n<p class=\"\">&#13;<br \/>\n        2-1, Daniel Fernand\u00e9z.&#13;\n    <\/p>\n<p class=\"\">&#13;<br \/>\n        2-2, Francisco Costa.&#13;\n    <\/p>\n<p class=\"\">&#13;<br \/>\n        3-2,\u00a0Seif El-Dera.&#13;\n    <\/p>\n<p class=\"\">&#13;<br \/>\n        3-3, Jan Gurri.&#13;\n    <\/p>\n<p class=\"\">&#13;<br \/>\n        4-3, Dika Mem.&#13;\n    <\/p>\n<p class=\"\">&#13;<br \/>\n        4-3, Carlos Alvar\u00e9z.&#13;\n    <\/p>\n<p class=\"\">&#13;<br \/>\n        Sob a arbitragem de\u00a0Alberto Alves e\u00a0C\u00e9sar Carvalho (Portugal)\u00a0as equipas alinharam com os seguintes jogadores:&#13;\n    <\/p>\n<p class=\"\">&#13;<br \/>\n        &#8211; <b>FC Barcelona\u00a0(32)<\/b>:\u00a0Emil Nielsen (g.r.), Dika Mem (6),\u00a0Daniel Fern\u00e1ndez (2),\u00a0Lu\u00eds Frade (2), Timothey N\u00b4Guessan (9), Domen Makuc\u00a0e\u00a0Aleix G\u00f3mez (3). Suplentes:\u00a0Viktor Hallgrimson (g.r.),\u00a0Blaz Janc (2),\u00a0Antonio Baz\u00e1n,\u00a0Djordje Cikusa, Ian Barrufet (7),\u00a0\u00d2scar Grau,\u00a0Seif El-Deraa, Ludovic Fabregas (1) e Petar Cikusa.&#13;\n    <\/p>\n<p class=\"\">&#13;<br \/>\n        <b>Treinador<\/b>: Carlos Ortega.&#13;\n    <\/p>\n<p class=\"\">&#13;<br \/>\n        &#8211; <b>Sporting (32)<\/b>:\u00a0Andr\u00e9 Kristenssen (g.r.), Francisco Costa (6),\u00a0Salvador Salvador (4),\u00a0Orri Thorkelsson (5), V\u00edctor Romero (3), Pedro Mart\u00ednez\u00a0e Christian Moga. Suplentes:\u00a0Mohamed Ali (g.r.),\u00a0\u00a0Martim Costa (3), Emil Berlin (3), Carlos Alvar\u00e9z (3), Jan Gurri (2), Diogo Branquinho (3), Mamadou Gassama,\u00a0Filipe Monteiro e Nat\u00e1n Suar\u00e9z.&#13;\n    <\/p>\n<p class=\"\">&#13;<br \/>\n        <b>Treinador<\/b>: Ricardo Costa.&#13;\n    <\/p>\n<p class=\"\">&#13;<br \/>\n        <b>Assist\u00eancia<\/b>: cerca de 3.000\u00a0espectadores.&#13;\n    <\/p>\n","protected":false},"excerpt":{"rendered":"&#13; O Sporting perdeu este domingo frente ao Barcelona no desempate por livres de sete metros (4-3), ap\u00f3s&hellip;\n","protected":false},"author":2,"featured_media":53094,"comment_status":"","ping_status":"","sticky":false,"template":"","format":"standard","meta":{"footnotes":""},"categories":[87],"tags":[135,32,33,134],"class_list":{"0":"post-53093","1":"post","2":"type-post","3":"status-publish","4":"format-standard","5":"has-post-thumbnail","7":"category-desporto","8":"tag-desporto","9":"tag-portugal","10":"tag-pt","11":"tag-sports"},"share_on_mastodon":{"url":"","error":""},"_links":{"self":[{"href":"https:\/\/www.europesays.com\/pt\/wp-json\/wp\/v2\/posts\/53093","targetHints":{"allow":["GET"]}}],"collection":[{"href":"https:\/\/www.europesays.com\/pt\/wp-json\/wp\/v2\/posts"}],"about":[{"href":"https:\/\/www.europesays.com\/pt\/wp-json\/wp\/v2\/types\/post"}],"author":[{"embeddable":true,"href":"https:\/\/www.europesays.com\/pt\/wp-json\/wp\/v2\/users\/2"}],"replies":[{"embeddable":true,"href":"https:\/\/www.europesays.com\/pt\/wp-json\/wp\/v2\/comments?post=53093"}],"version-history":[{"count":0,"href":"https:\/\/www.europesays.com\/pt\/wp-json\/wp\/v2\/posts\/53093\/revisions"}],"wp:featuredmedia":[{"embeddable":true,"href":"https:\/\/www.europesays.com\/pt\/wp-json\/wp\/v2\/media\/53094"}],"wp:attachment":[{"href":"https:\/\/www.europesays.com\/pt\/wp-json\/wp\/v2\/media?parent=53093"}],"wp:term":[{"taxonomy":"category","embeddable":true,"href":"https:\/\/www.europesays.com\/pt\/wp-json\/wp\/v2\/categories?post=53093"},{"taxonomy":"post_tag","embeddable":true,"href":"https:\/\/www.europesays.com\/pt\/wp-json\/wp\/v2\/tags?post=53093"}],"curies":[{"name":"wp","href":"https:\/\/api.w.org\/{rel}","templated":true}]}}