{"id":53095,"date":"2025-08-31T20:41:07","date_gmt":"2025-08-31T20:41:07","guid":{"rendered":"https:\/\/www.europesays.com\/pt\/53095\/"},"modified":"2025-08-31T20:41:07","modified_gmt":"2025-08-31T20:41:07","slug":"globo-muda-danca-dos-famosos-para-salvar-domingo-contra-a-record-natelinha","status":"publish","type":"post","link":"https:\/\/www.europesays.com\/pt\/53095\/","title":{"rendered":"Globo muda Dan\u00e7a dos Famosos para salvar domingo contra a Record &#8211; NaTelinha"},"content":{"rendered":"<ol>\n<li><a href=\"https:\/\/news.google.com\/rss\/articles\/CBMiwwFBVV95cUxQME9KVGdnU2pPdl8wa2hFM0pMaHpDNmRzNk9JaGNZMkpreHJZVzc0aUl0V2t3b0Y0a2d1Vm83OFNYUENaZXJqRVRYVHZmYXc5bk41ZmZmdGpyUFZjQVdCTWdxSUhRV3hlb0dqeFIxUU9sV1BMWklIUHRzaFdpX1RiVklvYTBqRlpnN2trVUtHaml6bnhyd29jZU02Q3pRSGw2OUc4Qy1qcUxaRDRNUlBkUXV0X1NnNEJDMkVjX05pZ0lPbHfSAcgBQVVfeXFMTzVGVWVjQlZFUkhrUnJsSFNiSEFSS0U0YW9Yb2IyT3VkZWtDMFY5SkcyZno1cFhKTGxaY0ZSdWxwdDRSMGY5Y0hLWWd1cGY1T0F2dGpFcG11OVVkSTN3S2xLOEFhWkd6eUppNU45SElyQ3d3NExEMmpBb2luTWxDUEd5cFZYTF9MMGRxeUFpNmFDQ3Q0U1BtVDlPM2RSMlpCWFlqYWI5eUIwZExIdGMtU3NqZ0QxN241YVZkMXVWZzhzWURVYTNGV2Y?oc=5\" target=\"_blank\" rel=\"nofollow noopener\">Globo muda Dan\u00e7a dos Famosos para salvar domingo contra a Record<\/a>&nbsp;&nbsp;NaTelinha<\/li>\n<li><a href=\"https:\/\/news.google.com\/rss\/articles\/CBMiqwFBVV95cUxOYkE5MW1PMnNQTGVvYl85Vnk1WHJTQmVDYzFGRlp6WE9ndk96OVVVTGtOOGpSLUZ2blFOZjJoMDB0X1FlWDVsTUQxd3l0eTQ4NkdmZk5KRXZqMDhuYkh1TGlFWE9lbnRPcGJsRDRBTTc0LVlSQ2dhSjRlbXJjeTU2dHJsSjBxa21pamtkUUxzX1AzQTE1Q2RRTGZUUUtfb1FWSjRBNWtlMlFrQUk?oc=5\" target=\"_blank\" rel=\"nofollow noopener\">Corinthians vai fazer a TV Record nadar de Bra\u00e7ada<\/a>&nbsp;&nbsp;Meu Tim\u00e3o<\/li>\n<li><a href=\"https:\/\/news.google.com\/rss\/articles\/CBMimwFBVV95cUxPMmRWTW9fWjBnQlNjaWtBUnJTa0tTdEp6Y2JFbHNMcnRRRzNZdTdWNVVyRUNOZTl5SXhTc3p5dUJTcHozeTM2SjN0d2R1WE93UE1ONF9GZHNGa2ZkcDZ5dFR2S18tR1ZvV3R6dkJhQ082bm84Sy0yRnR2blY3dGNTWWVEZi1jYm1oLXpIY3RFSnJnS0lSeUFZcURWYw?oc=5\" target=\"_blank\" rel=\"nofollow noopener\">Record consegue trunfo absurdo para bater a Globo com o futebol em setembro<\/a>&nbsp;&nbsp;RD1<\/li>\n<li><a href=\"https:\/\/news.google.com\/rss\/articles\/CBMiywFBVV95cUxNS2FOQXpWM0ZDOWxlUXZ3QkJhYlJpY0NhRGV1eGphQTRPRnZ2alFVTzl6MWlfOEZmaXZXV3RGMGVrajRzSDdSNXF4QlkwRU8xQ0ZYdGNMQzhkQkJOcmk2MEI3VE9CUFdueGxpLW5PRkdpZXIzZUZNcDNCVUVFdXIyaGYzblJMTjl1YXV6Wk9ZZ2FJanU1ZjI4TEZxQTRvOXFKQlhrMjZNaXE3SjVWWm54SUhjdWYwb3lDNTY3cG9nNFF1Tk52Q2NYbXo1Z9IB0AFBVV95cUxNVFE5M2NNenhfWjBYeHl1QWFMRjQ4SmRVT1hvY3pwam94dWpraHpSQm1UT2VmOGFLMWo0UGplWkVUQmlQcF9ZUU5kWXlNaXVOUWxwSlhFaVJZWjBPOGNwVl9fVjlWZTZGTjhPWk5iSE5vVllKTkRBVmo2Zk5MQkZoUll1Nmk5SWpBbFJlMWVaeDZudWlJRUtVR2ZpM3E1LUF4MWtma2hJdWs2WXBla2NNM0tVUm9ybEhBYVJncndUYzlqRjZHTVdmd3ZCSGF2U2JE?oc=5\" target=\"_blank\" rel=\"nofollow noopener\">U\u00e9? Jogo do Botafogo na Record tem mais audi\u00eancia em SP do que no Rio<\/a>&nbsp;&nbsp;NaTelinha<\/li>\n<li><a href=\"https:\/\/news.google.com\/rss\/articles\/CBMiyAFBVV95cUxNTDlzNU1veTBpRHlpbWI2aVRwVkgtclJvN0VOc3pRYTROUU9IU194NnZfZXcwY01ZMlJZZndrMFdacE5rUFN0TkZsMjVmSVZ2N3djMzF4R0d3YnN5MzR2RVNOSE9Fa0xwcUR3MERlekxfUTJGSkxsTURwX1UyYnNLNFVKMGF6Y3paMjZjN3ZURWJHaThITDlnR01idHdZMXR5ZnNnaEM2N1NXTUdPWldlRGd5bTZFSmdEeHRSbkFCQW9oX1hBbzZ5TQ?oc=5\" target=\"_blank\" rel=\"nofollow noopener\">Record obt\u00e9m 16,7% de crescimento na audi\u00eancia no RJ com vit\u00f3ria do Botafogo no Brasileir\u00e3o<\/a>&nbsp;&nbsp;M\u00e1quina do Esporte<\/li>\n<\/ol>\n","protected":false},"excerpt":{"rendered":"Globo muda Dan\u00e7a dos Famosos para salvar domingo contra a Record&nbsp;&nbsp;NaTelinha Corinthians vai fazer a TV Record nadar&hellip;\n","protected":false},"author":2,"featured_media":52799,"comment_status":"","ping_status":"","sticky":false,"template":"","format":"standard","meta":{"footnotes":""},"categories":[142],"tags":[114,115,32,33,151],"class_list":{"0":"post-53095","1":"post","2":"type-post","3":"status-publish","4":"format-standard","5":"has-post-thumbnail","7":"category-tv","8":"tag-entertainment","9":"tag-entretenimento","10":"tag-portugal","11":"tag-pt","12":"tag-tv"},"share_on_mastodon":{"url":"","error":""},"_links":{"self":[{"href":"https:\/\/www.europesays.com\/pt\/wp-json\/wp\/v2\/posts\/53095","targetHints":{"allow":["GET"]}}],"collection":[{"href":"https:\/\/www.europesays.com\/pt\/wp-json\/wp\/v2\/posts"}],"about":[{"href":"https:\/\/www.europesays.com\/pt\/wp-json\/wp\/v2\/types\/post"}],"author":[{"embeddable":true,"href":"https:\/\/www.europesays.com\/pt\/wp-json\/wp\/v2\/users\/2"}],"replies":[{"embeddable":true,"href":"https:\/\/www.europesays.com\/pt\/wp-json\/wp\/v2\/comments?post=53095"}],"version-history":[{"count":0,"href":"https:\/\/www.europesays.com\/pt\/wp-json\/wp\/v2\/posts\/53095\/revisions"}],"wp:featuredmedia":[{"embeddable":true,"href":"https:\/\/www.europesays.com\/pt\/wp-json\/wp\/v2\/media\/52799"}],"wp:attachment":[{"href":"https:\/\/www.europesays.com\/pt\/wp-json\/wp\/v2\/media?parent=53095"}],"wp:term":[{"taxonomy":"category","embeddable":true,"href":"https:\/\/www.europesays.com\/pt\/wp-json\/wp\/v2\/categories?post=53095"},{"taxonomy":"post_tag","embeddable":true,"href":"https:\/\/www.europesays.com\/pt\/wp-json\/wp\/v2\/tags?post=53095"}],"curies":[{"name":"wp","href":"https:\/\/api.w.org\/{rel}","templated":true}]}}