{"id":53096,"date":"2025-08-31T20:41:09","date_gmt":"2025-08-31T20:41:09","guid":{"rendered":"https:\/\/www.europesays.com\/pt\/53096\/"},"modified":"2025-08-31T20:41:09","modified_gmt":"2025-08-31T20:41:09","slug":"diagnostico-de-cancer-de-mama-aumentou-entre-mulheres-a-partir-de-35-anos-portal-engeplus","status":"publish","type":"post","link":"https:\/\/www.europesays.com\/pt\/53096\/","title":{"rendered":"Diagn\u00f3stico de c\u00e2ncer de mama aumentou entre mulheres a partir de 35 anos &#8211; Portal Engeplus"},"content":{"rendered":"<ol>\n<li><a href=\"https:\/\/news.google.com\/rss\/articles\/CBMiugFBVV95cUxPM3lzTUF1dVFYMzBuMW40Y1UwRzJjcTVvYjFaM01rUXhZWmE0UVBpODJMRVJMUW15d1lucTZRVWh1TTNyZExadUh2Y2ladTJIeDVuMktsWkVNV200a0Vab2xvYzNlVjNOd29TSGJKYjRjUG81RXBBWUMybEk5bWhRMlhUSHY0VjhMTHdLcnNTYVFtSlBoZkF0eEczamkyUExuMnhxcW1nX1FqdktyRHYzZDNXQmpscmc4cXc?oc=5\" target=\"_blank\" rel=\"nofollow noopener\">Diagn\u00f3stico de c\u00e2ncer de mama aumentou entre mulheres a partir de 35 anos<\/a>&nbsp;&nbsp;Portal Engeplus<\/li>\n<li><a href=\"https:\/\/news.google.com\/rss\/articles\/CBMi1AFBVV95cUxPY0RWNkFPZ2dlQU9ZNDZVOE53YnlSNjh2cHFfSHo2Unc0Zi1Iczh0ZFdtM09sTENIS2ZwN1NsUlpyUVZiajZtZHdOZlFJUEZ4Rk1jbHI5NTNNYnVORmpTVDJXMnk0c1RBYjB3NlVBdFRyMm9ONUVxZVJPbm1vbzR2Vm1FRGZobjNMTmtpekg2M3ZpZ3VRWHQzSllJZHJobUM3TjFWMlUyUXIwd1NSLW5SbW1Id0JqN1psTHBzbjJjaWhaSllYZnVkZ3FKOWYyU3hCUHJZTQ?oc=5\" target=\"_blank\" rel=\"nofollow noopener\">Centro de Oncologia do Paran\u00e1 presente na 19\u00aa edi\u00e7\u00e3o do C\u00e2ncer de Mama Gramado 2025<\/a>&nbsp;&nbsp;Di\u00e1rio Ind\u00fastria &amp; Com\u00e9rcio<\/li>\n<li><a href=\"https:\/\/news.google.com\/rss\/articles\/CBMiowFBVV95cUxQbTNxckFDUWQzWk03cGYwMkhPR2ZRMFhDSFk5QVRtRk85a1lWcVh4VWtZVnlISDRmdmdka0QxSDQzdzN3U2VOZE41T3ZRSWVqb0N6b3otbWdOMFlEX3djQUFFbVRWb3ZNSFpCWHNUS2owdll6M0tJUmZKYnBSdEF1Znh2MkNmQVVyRjhvb0o3OUZCaFJHbE9DVldSU2VoRk9RUTd3?oc=5\" target=\"_blank\" rel=\"nofollow noopener\">Instituto Projeto Cura vai realizar o Cura Talks Gramado 2025<\/a>&nbsp;&nbsp;Gramado Magazine<\/li>\n<li><a href=\"https:\/\/news.google.com\/rss\/articles\/CBMigwJBVV95cUxPZm5jZ3JBLVRCbHo4YW1BNlJqS1V5cmF4WGxhOEVOUlYzempxSC12aHBkbkRHXzhFQmZ6SHFnQ0xnalRCbHpTQlZ3WlVxaGE0cGdRckdYMzJVRURhSDNzaDhwbWZ2eDZjRTZUSFZEd1lXT19kTXZKSk1SV3NRU3ZOU3NYclZWX0tZbExxZ3BfVWRYekM1Zk5kMWg0THRBY3lvQ25Fdm5XVHNlNFpibVRHcVZDdWdDUlMtd0xjS2ZkbGlyWGd1YThYWlV4MVpteHJoQy1MdFRuMDVKTXJkQ0puT011d3ZCeV9wODg0Qm03NDRIdWFJSGJoeF9YVzJPOWc5eXlz?oc=5\" target=\"_blank\" rel=\"nofollow noopener\">Cuidado multidisciplinar no c\u00e2ncer de mama \u00e9 tema de evento gratuito em Gramado<\/a>&nbsp;&nbsp;GZH<\/li>\n<li><a href=\"https:\/\/news.google.com\/rss\/articles\/CBMitAFBVV95cUxPdzhKcGZ2MVRGQVhZeXBuMVQzeEFfUlJJc3NhRkNuQ2czV2xDa2FMRU5TWUdTbkc5REk2eVR5bUhBc2pWeUZ1aFA5OTFyUHFhY3A4bEZOemh6WDAyaUZfLXZQZjZiTDBrLUNxY1VLeTFZcDVUWVQzXzFCU3VtT2xQTXNmdHduR3ZZME9NY1Y1c0lBYktTT3pzSXFBMHpHdmpudEVrN19uU1NNZG0xcGVpZW5fOFo?oc=5\" target=\"_blank\" rel=\"nofollow noopener\">Centro de Oncologia do Paran\u00e1 (COP) presente na 19a edi\u00e7\u00e3o do C\u00e2ncer de Mama Gramado<\/a>&nbsp;&nbsp;Folha de Curitiba<\/li>\n<\/ol>\n","protected":false},"excerpt":{"rendered":"Diagn\u00f3stico de c\u00e2ncer de mama aumentou entre mulheres a partir de 35 anos&nbsp;&nbsp;Portal Engeplus Centro de Oncologia do&hellip;\n","protected":false},"author":2,"featured_media":53097,"comment_status":"","ping_status":"","sticky":false,"template":"","format":"standard","meta":{"footnotes":""},"categories":[86],"tags":[5960,116,32,33,117],"class_list":{"0":"post-53096","1":"post","2":"type-post","3":"status-publish","4":"format-standard","5":"has-post-thumbnail","7":"category-saude","8":"tag-cancer-de-mama","9":"tag-health","10":"tag-portugal","11":"tag-pt","12":"tag-saude"},"share_on_mastodon":{"url":"","error":""},"_links":{"self":[{"href":"https:\/\/www.europesays.com\/pt\/wp-json\/wp\/v2\/posts\/53096","targetHints":{"allow":["GET"]}}],"collection":[{"href":"https:\/\/www.europesays.com\/pt\/wp-json\/wp\/v2\/posts"}],"about":[{"href":"https:\/\/www.europesays.com\/pt\/wp-json\/wp\/v2\/types\/post"}],"author":[{"embeddable":true,"href":"https:\/\/www.europesays.com\/pt\/wp-json\/wp\/v2\/users\/2"}],"replies":[{"embeddable":true,"href":"https:\/\/www.europesays.com\/pt\/wp-json\/wp\/v2\/comments?post=53096"}],"version-history":[{"count":0,"href":"https:\/\/www.europesays.com\/pt\/wp-json\/wp\/v2\/posts\/53096\/revisions"}],"wp:featuredmedia":[{"embeddable":true,"href":"https:\/\/www.europesays.com\/pt\/wp-json\/wp\/v2\/media\/53097"}],"wp:attachment":[{"href":"https:\/\/www.europesays.com\/pt\/wp-json\/wp\/v2\/media?parent=53096"}],"wp:term":[{"taxonomy":"category","embeddable":true,"href":"https:\/\/www.europesays.com\/pt\/wp-json\/wp\/v2\/categories?post=53096"},{"taxonomy":"post_tag","embeddable":true,"href":"https:\/\/www.europesays.com\/pt\/wp-json\/wp\/v2\/tags?post=53096"}],"curies":[{"name":"wp","href":"https:\/\/api.w.org\/{rel}","templated":true}]}}