{"id":53139,"date":"2025-08-31T21:23:10","date_gmt":"2025-08-31T21:23:10","guid":{"rendered":"https:\/\/www.europesays.com\/pt\/53139\/"},"modified":"2025-08-31T21:23:10","modified_gmt":"2025-08-31T21:23:10","slug":"ryan-gosling-e-flynn-gray-na-primeira-imagem-promocional-de-star-wars-starfighter","status":"publish","type":"post","link":"https:\/\/www.europesays.com\/pt\/53139\/","title":{"rendered":"Ryan Gosling e Flynn Gray na PRIMEIRA imagem promocional de &#8216;Star Wars: Starfighter&#8217;"},"content":{"rendered":"<p>Atrav\u00e9s das redes sociais, foi divulgada a primeira imagem promocional de\u00a0<strong>\u2018Star Wars: Starfighter\u2019<\/strong>, novo filme da ic\u00f4nica franquia\u00a0sci-fi.<\/p>\n<p>A foto d\u00e1 destaque a\u00a0<strong>Ryan Gosling<\/strong>, que ser\u00e1 o protagonista da narrativa, e ao rec\u00e9m-escalado <strong>Flynn Gray<\/strong> \u2013 e anuncia o in\u00edcio oficial das grava\u00e7\u00f5es.<\/p>\n<p>Confira:<\/p>\n<blockquote class=\"twitter-tweet\">\n<p dir=\"ltr\" lang=\"en\">Day 1: A whole new adventure begins <a href=\"https:\/\/twitter.com\/hashtag\/Starfighter?src=hash&amp;ref_src=twsrc%5Etfw\" rel=\"nofollow noopener\" target=\"_blank\">#Starfighter<\/a><a href=\"https:\/\/t.co\/eI5xaROQAj\" rel=\"nofollow\">https:\/\/t.co\/eI5xaROQAj<\/a> <a href=\"https:\/\/t.co\/8AXiBN4x4B\" rel=\"nofollow\">pic.twitter.com\/8AXiBN4x4B<\/a><\/p>\n<p>\u2014 Star Wars (@starwars) <a href=\"https:\/\/twitter.com\/starwars\/status\/1961096656512078140?ref_src=twsrc%5Etfw\" rel=\"nofollow noopener\" target=\"_blank\">August 28, 2025<\/a><\/p>\n<\/blockquote>\n<p>O elenco da produ\u00e7\u00e3o ainda conta com\u00a0<strong>Matt Smith<\/strong>, <strong>Mia Goth<\/strong>,\u00a0<strong>Aaron Pierre<\/strong>,\u00a0<strong>Simon Bird<\/strong>,\u00a0<strong>Jamael Westman<\/strong>,\u00a0<strong>Daniel Ings<\/strong> e\u00a0<strong>Amy Adams<\/strong><\/p>\n<p><strong>Shawn Levy<\/strong> entra como diretor, enquanto\u00a0<strong>Jonathan Tropper<\/strong> assina o roteiro.<\/p>\n<p><strong>\u2018Star Wars: Starfighter\u2019<\/strong> ser\u00e1 uma hist\u00f3ria independente, sem liga\u00e7\u00e3o direta com a chamada Saga Skywalker, que gira em torno de personagens consagrados como Luke Skywalker e seu pai, Anakin.<\/p>\n<p>Os eventos se passam cerca de cinco anos ap\u00f3s os acontecimentos de <strong>\u2018Star Wars: A Ascens\u00e3o Skywalker\u2019<\/strong> (2019).<\/p>\n<p>\u201c\u00c9 uma hist\u00f3ria isolada. N\u00e3o \u00e9 um prel\u00fadio, nem uma continua\u00e7\u00e3o. \u00c9 uma nova aventura, ambientada em um per\u00edodo de tempo que ainda n\u00e3o foi explorado\u201d, afirmou <strong>Levy<\/strong> durante a Star Wars Celebration realizada em abril, no Jap\u00e3o.<\/p>\n<p><strong>\u2018Star Wars: Starfighter\u2019<\/strong> tem estreia marcada para <strong>28 de maio de 2027<\/strong>.<\/p>\n<p><script async src=\"https:\/\/platform.twitter.com\/widgets.js\" charset=\"utf-8\"><\/script><\/p>\n","protected":false},"excerpt":{"rendered":"Atrav\u00e9s das redes sociais, foi divulgada a primeira imagem promocional de\u00a0\u2018Star Wars: Starfighter\u2019, novo filme da ic\u00f4nica franquia\u00a0sci-fi.&hellip;\n","protected":false},"author":2,"featured_media":53140,"comment_status":"","ping_status":"","sticky":false,"template":"","format":"standard","meta":{"footnotes":""},"categories":[140],"tags":[15406,13516,15407,15408,114,115,147,148,15409,15410,15411,15412,15413,15414,15415,12317,15416,15417,15418,146,15419,15420,4785,32,33,15421,15422,15423,15424,5418,15425,5967,12991,15426,15427],"class_list":{"0":"post-53139","1":"post","2":"type-post","3":"status-publish","4":"format-standard","5":"has-post-thumbnail","7":"category-filmes","8":"tag-amy-adams","9":"tag-cillian-murphy","10":"tag-damon-lindelof","11":"tag-daniel-ings","12":"tag-entertainment","13":"tag-entretenimento","14":"tag-film","15":"tag-filmes","16":"tag-flynn-gray-aaron-pierre","17":"tag-jamael-westman","18":"tag-justin-britt-gibson","19":"tag-kevin-feige","20":"tag-kristen-stewart","21":"tag-krysty-wilson-cairns","22":"tag-lucasfilm","23":"tag-matt-smith","24":"tag-maxxxine","25":"tag-mia-goth","26":"tag-michael-waldron","27":"tag-movies","28":"tag-ms-marvel","29":"tag-patty-jenkins","30":"tag-peaky-blinders","31":"tag-portugal","32":"tag-pt","33":"tag-rogue-squadron","34":"tag-ryan-gosling","35":"tag-sharmeen-obaid-chinoy","36":"tag-simon-bird","37":"tag-star-wars","38":"tag-star-wars-celebration","39":"tag-steven-knight","40":"tag-taika-waititi","41":"tag-the-leftovers","42":"tag-watchmen"},"share_on_mastodon":{"url":"","error":""},"_links":{"self":[{"href":"https:\/\/www.europesays.com\/pt\/wp-json\/wp\/v2\/posts\/53139","targetHints":{"allow":["GET"]}}],"collection":[{"href":"https:\/\/www.europesays.com\/pt\/wp-json\/wp\/v2\/posts"}],"about":[{"href":"https:\/\/www.europesays.com\/pt\/wp-json\/wp\/v2\/types\/post"}],"author":[{"embeddable":true,"href":"https:\/\/www.europesays.com\/pt\/wp-json\/wp\/v2\/users\/2"}],"replies":[{"embeddable":true,"href":"https:\/\/www.europesays.com\/pt\/wp-json\/wp\/v2\/comments?post=53139"}],"version-history":[{"count":0,"href":"https:\/\/www.europesays.com\/pt\/wp-json\/wp\/v2\/posts\/53139\/revisions"}],"wp:featuredmedia":[{"embeddable":true,"href":"https:\/\/www.europesays.com\/pt\/wp-json\/wp\/v2\/media\/53140"}],"wp:attachment":[{"href":"https:\/\/www.europesays.com\/pt\/wp-json\/wp\/v2\/media?parent=53139"}],"wp:term":[{"taxonomy":"category","embeddable":true,"href":"https:\/\/www.europesays.com\/pt\/wp-json\/wp\/v2\/categories?post=53139"},{"taxonomy":"post_tag","embeddable":true,"href":"https:\/\/www.europesays.com\/pt\/wp-json\/wp\/v2\/tags?post=53139"}],"curies":[{"name":"wp","href":"https:\/\/api.w.org\/{rel}","templated":true}]}}