{"id":53212,"date":"2025-08-31T22:55:22","date_gmt":"2025-08-31T22:55:22","guid":{"rendered":"https:\/\/www.europesays.com\/pt\/53212\/"},"modified":"2025-08-31T22:55:22","modified_gmt":"2025-08-31T22:55:22","slug":"cesar-decide-fugir-durante-a-festa-de-casamento-com-odete-roitman","status":"publish","type":"post","link":"https:\/\/www.europesays.com\/pt\/53212\/","title":{"rendered":"C\u00e9sar decide fugir durante a festa de casamento com Odete Roitman"},"content":{"rendered":"<p>                        <a href=\"https:\/\/img.nsctotal.com.br\/wp-content\/uploads\/2025\/08\/Cesar-decide-fugir-do-casamento-com-Olavo-em-Vale-Tudo.jpg\" data-caption=\"C\u00e9sar decide fugir do casamento com Olavo em Vale Tudo\" aria-label=\"C\u00e9sar decide fugir do casamento com Olavo em Vale Tudo\" rel=\"nofollow noopener\" target=\"_blank\"><img width=\"944\" height=\"531\" src=\"https:\/\/www.europesays.com\/pt\/wp-content\/uploads\/2025\/08\/Cesar-decide-fugir-do-casamento-com-Olavo-em-Vale-Tudo-944x531.jpg\" class=\"attachment-custom-large size-custom-large article-featured-image\" alt=\"C\u00e9sar decide fugir do casamento com Olavo em Vale Tudo\" fetchpriority=\"high\" decoding=\"async\"  \/><\/a><\/p>\n<p>C\u00e9sar decide fugir do casamento com Olavo em Vale Tudo (Foto: Reprodu\u00e7\u00e3o, TV Globo)<\/p>\n<p>O romance entre Odete Roitman (Debora Bloch) e C\u00e9sar Ribeiro (Cau\u00e3 Reymond) pegou todos de surpresa em Vale Tudo. A come\u00e7ar por Maria de F\u00e1tima (Bella Campos) que ao descobrir que o seu amante est\u00e1 com a ex-sogra fica furiosa e come\u00e7ar\u00e1 a fazer de tudo para destruir esse romance.<\/p>\n<p>Continua depois da publicidade<\/p>\n<p>Ela come\u00e7a, enviando fotos picantes dela com C\u00e9sar para Odete. Pensando que isso deixaria a bilion\u00e1ria com ci\u00fames, ela se d\u00e1 mal. Odete dar\u00e1 o troco em F\u00e1tima pedindo C\u00e9sar em casamento. A empres\u00e1ria que j\u00e1 disse que ama o cafajeste, agora quer tornar o caso deles em algo mais s\u00e9rio.<\/p>\n<p>Desacreditado, C\u00e9sar aceita o pedido e Odete Roitman come\u00e7ar\u00e1 a organizar o casamento. O primeiro passo para isso ser\u00e1 apresentar C\u00e9sar para a fam\u00edlia. Ela leva o noivo at\u00e9 \u00e0 mans\u00e3o de Celina (Malu Galli) e o apresenta formalmente, al\u00e9m de anunciar o casamento.<\/p>\n<p><a href=\"https:\/\/www.europesays.com\/pt\/wp-content\/uploads\/2025\/08\/Cena-em-que-Maria-de-Fatima-flagra-Odete-e-Cesar-em-Vale-Tudo.jpg\"><a href=\"https:\/\/www.europesays.com\/pt\/wp-content\/uploads\/2025\/08\/Cena-em-que-Maria-de-Fatima-flagra-Odete-e-Cesar-em-Vale-Tudo.jpg\" aria-label=\"Imagem da Galeria\"><img loading=\"lazy\" decoding=\"async\" width=\"1200\" height=\"675\" data-id=\"7624767\" src=\"https:\/\/www.europesays.com\/pt\/wp-content\/uploads\/2025\/08\/Cena-em-que-Maria-de-Fatima-flagra-Odete-e-Cesar-em-Vale-Tudo.jpg\" alt=\"Cena em que Maria de F\u00e1tima flagra Odete e C\u00e9sar em Vale Tudo\" class=\"wp-image-7624767\"  \/><\/a><\/p>\n<p>C\u00e9sar e Odete est\u00e3o em clima de romance (Foto: Reprodu\u00e7\u00e3o, Globoplay)<\/p>\n<p><a href=\"https:\/\/www.europesays.com\/pt\/wp-content\/uploads\/2025\/08\/Cena-em-que-Maria-de-Fatima-flagra-Odete-e-Cesar-em-Vale-Tudo-2.jpg\"><a href=\"https:\/\/www.europesays.com\/pt\/wp-content\/uploads\/2025\/08\/Cena-em-que-Maria-de-Fatima-flagra-Odete-e-Cesar-em-Vale-Tudo-2.jpg\" aria-label=\"Imagem da Galeria\"><img loading=\"lazy\" decoding=\"async\" width=\"1200\" height=\"675\" data-id=\"7624751\" src=\"https:\/\/www.europesays.com\/pt\/wp-content\/uploads\/2025\/08\/Cena-em-que-Maria-de-Fatima-flagra-Odete-e-Cesar-em-Vale-Tudo-2.jpg\" alt=\"Cena em que Maria de F\u00e1tima flagra Odete e C\u00e9sar em Vale Tudo\" class=\"wp-image-7624751\"  \/><\/a><\/p>\n<p>Maria de F\u00e1tima chega no p\u00eder (Foto: Reprodu\u00e7\u00e3o, Globoplay)<\/p>\n<p><a href=\"https:\/\/www.europesays.com\/pt\/wp-content\/uploads\/2025\/08\/Cena-em-que-Maria-de-Fatima-flagra-Odete-e-Cesar-em-Vale-Tudo-3.jpg\"><a href=\"https:\/\/www.europesays.com\/pt\/wp-content\/uploads\/2025\/08\/Cena-em-que-Maria-de-Fatima-flagra-Odete-e-Cesar-em-Vale-Tudo-3.jpg\" aria-label=\"Imagem da Galeria\"><img loading=\"lazy\" decoding=\"async\" width=\"1200\" height=\"675\" data-id=\"7624752\" src=\"https:\/\/www.europesays.com\/pt\/wp-content\/uploads\/2025\/08\/Cena-em-que-Maria-de-Fatima-flagra-Odete-e-Cesar-em-Vale-Tudo-3.jpg\" alt=\"\" class=\"wp-image-7624752\"  \/><\/a><\/p>\n<p>C\u00e9sar Ribeiro e Odete Roitman est\u00e3o se beijando (Foto: Reprodu\u00e7\u00e3o, Globoplay)<\/p>\n<p><a href=\"https:\/\/www.europesays.com\/pt\/wp-content\/uploads\/2025\/08\/Cena-em-que-Maria-de-Fatima-flagra-Odete-e-Cesar-em-Vale-Tudo-4.jpg\"><a href=\"https:\/\/www.europesays.com\/pt\/wp-content\/uploads\/2025\/08\/Cena-em-que-Maria-de-Fatima-flagra-Odete-e-Cesar-em-Vale-Tudo-4.jpg\" aria-label=\"Imagem da Galeria\"><img loading=\"lazy\" decoding=\"async\" width=\"1200\" height=\"675\" data-id=\"7624753\" src=\"https:\/\/www.europesays.com\/pt\/wp-content\/uploads\/2025\/08\/Cena-em-que-Maria-de-Fatima-flagra-Odete-e-Cesar-em-Vale-Tudo-4.jpg\" alt=\"Cena em que Maria de F\u00e1tima flagra Odete e C\u00e9sar em Vale Tudo\" class=\"wp-image-7624753\"  \/><\/a><\/p>\n<p>F\u00e1tima v\u00ea o casal de longe e pergunta o que est\u00e1 acontecendo (Foto: Reprodu\u00e7\u00e3o, Globoplay)<\/p>\n<p><a href=\"https:\/\/www.europesays.com\/pt\/wp-content\/uploads\/2025\/08\/Cena-em-que-Maria-de-Fatima-flagra-Odete-e-Cesar-em-Vale-Tudo-5.jpg\"><a href=\"https:\/\/www.europesays.com\/pt\/wp-content\/uploads\/2025\/08\/Cena-em-que-Maria-de-Fatima-flagra-Odete-e-Cesar-em-Vale-Tudo-5.jpg\" aria-label=\"Imagem da Galeria\"><img loading=\"lazy\" decoding=\"async\" width=\"1200\" height=\"675\" data-id=\"7624754\" src=\"https:\/\/www.europesays.com\/pt\/wp-content\/uploads\/2025\/08\/Cena-em-que-Maria-de-Fatima-flagra-Odete-e-Cesar-em-Vale-Tudo-5.jpg\" alt=\"\" class=\"wp-image-7624754\"  \/><\/a><\/p>\n<p>Os dois se assustam com a presen\u00e7a de F\u00e1tima (Foto: Reprodu\u00e7\u00e3o, Globoplay)<\/p>\n<p><a href=\"https:\/\/www.europesays.com\/pt\/wp-content\/uploads\/2025\/08\/Cena-em-que-Maria-de-Fatima-flagra-Odete-e-Cesar-em-Vale-Tudo-6.jpg\"><a href=\"https:\/\/www.europesays.com\/pt\/wp-content\/uploads\/2025\/08\/Cena-em-que-Maria-de-Fatima-flagra-Odete-e-Cesar-em-Vale-Tudo-6.jpg\" aria-label=\"Imagem da Galeria\"><img loading=\"lazy\" decoding=\"async\" width=\"1200\" height=\"675\" data-id=\"7624755\" src=\"https:\/\/www.europesays.com\/pt\/wp-content\/uploads\/2025\/08\/Cena-em-que-Maria-de-Fatima-flagra-Odete-e-Cesar-em-Vale-Tudo-6.jpg\" alt=\"Cena em que Maria de F\u00e1tima flagra Odete e C\u00e9sar em Vale Tudo\" class=\"wp-image-7624755\"  \/><\/a><\/p>\n<p>Maria de F\u00e1tima diz n\u00e3o acreditar no que est\u00e1 vendo (Foto: Reprodu\u00e7\u00e3o, Globoplay)<\/p>\n<p><a href=\"https:\/\/www.europesays.com\/pt\/wp-content\/uploads\/2025\/08\/Cena-em-que-Maria-de-Fatima-flagra-Odete-e-Cesar-em-Vale-Tudo-8.jpg\"><a href=\"https:\/\/www.europesays.com\/pt\/wp-content\/uploads\/2025\/08\/Cena-em-que-Maria-de-Fatima-flagra-Odete-e-Cesar-em-Vale-Tudo-8.jpg\" aria-label=\"Imagem da Galeria\"><img loading=\"lazy\" decoding=\"async\" width=\"1200\" height=\"675\" data-id=\"7624757\" src=\"https:\/\/www.europesays.com\/pt\/wp-content\/uploads\/2025\/08\/Cena-em-que-Maria-de-Fatima-flagra-Odete-e-Cesar-em-Vale-Tudo-8.jpg\" alt=\"Cena em que Maria de F\u00e1tima flagra Odete e C\u00e9sar em Vale Tudo\" class=\"wp-image-7624757\"  \/><\/a><\/p>\n<p>C\u00e9sar manda ela sair dali (Foto: Reprodu\u00e7\u00e3o, Globoplay)<\/p>\n<p><a href=\"https:\/\/www.europesays.com\/pt\/wp-content\/uploads\/2025\/08\/1756680913_286_Cena-em-que-Maria-de-Fatima-flagra-Odete-e-Cesar-em-Vale-Tudo-9.jpg\"><a href=\"https:\/\/www.europesays.com\/pt\/wp-content\/uploads\/2025\/08\/1756680913_286_Cena-em-que-Maria-de-Fatima-flagra-Odete-e-Cesar-em-Vale-Tudo-9.jpg\" aria-label=\"Imagem da Galeria\"><img loading=\"lazy\" decoding=\"async\" width=\"1200\" height=\"675\" data-id=\"7624759\" src=\"https:\/\/www.europesays.com\/pt\/wp-content\/uploads\/2025\/08\/1756680913_286_Cena-em-que-Maria-de-Fatima-flagra-Odete-e-Cesar-em-Vale-Tudo-9.jpg\" alt=\"\" class=\"wp-image-7624759\"  \/><\/a><\/p>\n<p>F\u00e1tima diz que C\u00e9sar a trocou por uma \u2018velha\u2019 (Foto: Reprodu\u00e7\u00e3o, Globoplay)<\/p>\n<p><a href=\"https:\/\/www.europesays.com\/pt\/wp-content\/uploads\/2025\/08\/1756680913_442_Cena-em-que-Maria-de-Fatima-flagra-Odete-e-Cesar-em-Vale-Tudo-10.jpg\"><a href=\"https:\/\/www.europesays.com\/pt\/wp-content\/uploads\/2025\/08\/1756680913_442_Cena-em-que-Maria-de-Fatima-flagra-Odete-e-Cesar-em-Vale-Tudo-10.jpg\" aria-label=\"Imagem da Galeria\"><img loading=\"lazy\" decoding=\"async\" width=\"1200\" height=\"675\" data-id=\"7624760\" src=\"https:\/\/www.europesays.com\/pt\/wp-content\/uploads\/2025\/08\/1756680913_442_Cena-em-que-Maria-de-Fatima-flagra-Odete-e-Cesar-em-Vale-Tudo-10.jpg\" alt=\"Cena em que Maria de F\u00e1tima flagra Odete e C\u00e9sar em Vale Tudo\" class=\"wp-image-7624760\"  \/><\/a><\/p>\n<p>C\u00e9sar se irrita e manda F\u00e1tima embora (Foto: Reprodu\u00e7\u00e3o, Globoplay)<\/p>\n<p><a href=\"https:\/\/www.europesays.com\/pt\/wp-content\/uploads\/2025\/08\/1756680913_495_Cena-em-que-Maria-de-Fatima-flagra-Odete-e-Cesar-em-Vale-Tudo-11.jpg\"><a href=\"https:\/\/www.europesays.com\/pt\/wp-content\/uploads\/2025\/08\/1756680913_495_Cena-em-que-Maria-de-Fatima-flagra-Odete-e-Cesar-em-Vale-Tudo-11.jpg\" aria-label=\"Imagem da Galeria\"><img loading=\"lazy\" decoding=\"async\" width=\"1200\" height=\"675\" data-id=\"7624761\" src=\"https:\/\/www.europesays.com\/pt\/wp-content\/uploads\/2025\/08\/1756680913_495_Cena-em-que-Maria-de-Fatima-flagra-Odete-e-Cesar-em-Vale-Tudo-11.jpg\" alt=\"\" class=\"wp-image-7624761\"  \/><\/a><\/p>\n<p>F\u00e1tima sai furiosa e humilhada (Foto: Reprodu\u00e7\u00e3o, Globoplay)<\/p>\n<p><a href=\"https:\/\/www.europesays.com\/pt\/wp-content\/uploads\/2025\/08\/Cena-em-que-Maria-de-Fatima-flagra-Odete-e-Cesar-em-Vale-Tudo-7.jpg\"><a href=\"https:\/\/www.europesays.com\/pt\/wp-content\/uploads\/2025\/08\/Cena-em-que-Maria-de-Fatima-flagra-Odete-e-Cesar-em-Vale-Tudo-7.jpg\" aria-label=\"Imagem da Galeria\"><img loading=\"lazy\" decoding=\"async\" width=\"1200\" height=\"675\" data-id=\"7624756\" src=\"https:\/\/www.europesays.com\/pt\/wp-content\/uploads\/2025\/08\/Cena-em-que-Maria-de-Fatima-flagra-Odete-e-Cesar-em-Vale-Tudo-7.jpg\" alt=\"\" class=\"wp-image-7624756\"  \/><\/a><\/p>\n<p>Odete diz para ele se acalmar (Foto: Reprodu\u00e7\u00e3o, Globoplay)<\/p>\n<p><a href=\"https:\/\/www.europesays.com\/pt\/wp-content\/uploads\/2025\/08\/1756204455_813_Cena-em-que-Maria-de-Fatima-flagra-Odete-e-Cesar-em-Vale-Tudo-12.jpg\"><a href=\"https:\/\/www.europesays.com\/pt\/wp-content\/uploads\/2025\/08\/1756204455_813_Cena-em-que-Maria-de-Fatima-flagra-Odete-e-Cesar-em-Vale-Tudo-12.jpg\" aria-label=\"Imagem da Galeria\"><img loading=\"lazy\" decoding=\"async\" width=\"1200\" height=\"675\" data-id=\"7624762\" src=\"https:\/\/www.europesays.com\/pt\/wp-content\/uploads\/2025\/08\/1756204455_813_Cena-em-que-Maria-de-Fatima-flagra-Odete-e-Cesar-em-Vale-Tudo-12.jpg\" alt=\"Cena em que Maria de F\u00e1tima flagra Odete e C\u00e9sar em Vale Tudo\" class=\"wp-image-7624762\"  \/><\/a><\/p>\n<p>No remake, Maria de F\u00e1tima vai at\u00e9 o quarto de hotel (Foto: Reprodu\u00e7\u00e3o, TV Globo)<\/p>\n<p><a href=\"https:\/\/www.europesays.com\/pt\/wp-content\/uploads\/2025\/08\/Cena-em-que-Maria-de-Fatima-flagra-Odete-e-Cesar-em-Vale-Tudo-13.jpg\"><a href=\"https:\/\/www.europesays.com\/pt\/wp-content\/uploads\/2025\/08\/Cena-em-que-Maria-de-Fatima-flagra-Odete-e-Cesar-em-Vale-Tudo-13.jpg\" aria-label=\"Imagem da Galeria\"><img loading=\"lazy\" decoding=\"async\" width=\"1200\" height=\"675\" data-id=\"7624763\" src=\"https:\/\/www.europesays.com\/pt\/wp-content\/uploads\/2025\/08\/Cena-em-que-Maria-de-Fatima-flagra-Odete-e-Cesar-em-Vale-Tudo-13.jpg\" alt=\"\" class=\"wp-image-7624763\"  \/><\/a><\/p>\n<p>E flagra C\u00e9sar e Odete juntos (Foto: Reprodu\u00e7\u00e3o, TV Globo)<\/p>\n<p><a href=\"https:\/\/www.europesays.com\/pt\/wp-content\/uploads\/2025\/08\/Cena-em-que-Maria-de-Fatima-flagra-Odete-e-Cesar-em-Vale-Tudo-14.jpg\"><a href=\"https:\/\/www.europesays.com\/pt\/wp-content\/uploads\/2025\/08\/Cena-em-que-Maria-de-Fatima-flagra-Odete-e-Cesar-em-Vale-Tudo-14.jpg\" aria-label=\"Imagem da Galeria\"><img loading=\"lazy\" decoding=\"async\" width=\"1200\" height=\"675\" data-id=\"7624764\" src=\"https:\/\/www.europesays.com\/pt\/wp-content\/uploads\/2025\/08\/Cena-em-que-Maria-de-Fatima-flagra-Odete-e-Cesar-em-Vale-Tudo-14.jpg\" alt=\"Cena em que Maria de F\u00e1tima flagra Odete e C\u00e9sar em Vale Tudo\" class=\"wp-image-7624764\"  \/><\/a><\/p>\n<p>C\u00e9sar fica surpreso com a presen\u00e7a de F\u00e1tima ali (Foto: Reprodu\u00e7\u00e3o, TV Globo)<\/p>\n<p><a href=\"https:\/\/www.europesays.com\/pt\/wp-content\/uploads\/2025\/08\/Cena-em-que-Maria-de-Fatima-flagra-Odete-e-Cesar-em-Vale-Tudo-15.jpg\"><a href=\"https:\/\/www.europesays.com\/pt\/wp-content\/uploads\/2025\/08\/Cena-em-que-Maria-de-Fatima-flagra-Odete-e-Cesar-em-Vale-Tudo-15.jpg\" aria-label=\"Imagem da Galeria\"><img loading=\"lazy\" decoding=\"async\" width=\"1200\" height=\"675\" data-id=\"7624765\" src=\"https:\/\/www.europesays.com\/pt\/wp-content\/uploads\/2025\/08\/Cena-em-que-Maria-de-Fatima-flagra-Odete-e-Cesar-em-Vale-Tudo-15.jpg\" alt=\"\" class=\"wp-image-7624765\"  \/><\/a><\/p>\n<p>Ela come\u00e7a a xingar o ex-amante (Foto: Reprodu\u00e7\u00e3o, TV Globo)<\/p>\n<p><a href=\"https:\/\/www.europesays.com\/pt\/wp-content\/uploads\/2025\/08\/Cena-em-que-Maria-de-Fatima-flagra-Odete-e-Cesar-em-Vale-Tudo-16.jpg\"><a href=\"https:\/\/www.europesays.com\/pt\/wp-content\/uploads\/2025\/08\/Cena-em-que-Maria-de-Fatima-flagra-Odete-e-Cesar-em-Vale-Tudo-16.jpg\" aria-label=\"Imagem da Galeria\"><img loading=\"lazy\" decoding=\"async\" width=\"1200\" height=\"675\" data-id=\"7624743\" src=\"https:\/\/www.europesays.com\/pt\/wp-content\/uploads\/2025\/08\/Cena-em-que-Maria-de-Fatima-flagra-Odete-e-Cesar-em-Vale-Tudo-16.jpg\" alt=\"\" class=\"wp-image-7624743\"  \/><\/a><\/p>\n<p>E entra no quarto mesmo sem ser convidada (Foto: Reprodu\u00e7\u00e3o, TV Globo)<\/p>\n<p><a href=\"https:\/\/www.europesays.com\/pt\/wp-content\/uploads\/2025\/08\/Cena-em-que-Maria-de-Fatima-flagra-Odete-e-Cesar-em-Vale-Tudo-17.jpg\"><a href=\"https:\/\/www.europesays.com\/pt\/wp-content\/uploads\/2025\/08\/Cena-em-que-Maria-de-Fatima-flagra-Odete-e-Cesar-em-Vale-Tudo-17.jpg\" aria-label=\"Imagem da Galeria\"><img loading=\"lazy\" decoding=\"async\" width=\"1200\" height=\"675\" data-id=\"7624744\" src=\"https:\/\/www.europesays.com\/pt\/wp-content\/uploads\/2025\/08\/Cena-em-que-Maria-de-Fatima-flagra-Odete-e-Cesar-em-Vale-Tudo-17.jpg\" alt=\"Cena em que Maria de F\u00e1tima flagra Odete e C\u00e9sar em Vale Tudo\" class=\"wp-image-7624744\"  \/><\/a><\/p>\n<p>Odete n\u00e3o entende nada (Foto: Reprodu\u00e7\u00e3o, TV Globo)<\/p>\n<p><a href=\"https:\/\/www.europesays.com\/pt\/wp-content\/uploads\/2025\/08\/Cena-em-que-Maria-de-Fatima-flagra-Odete-e-Cesar-em-Vale-Tudo-18.jpg\"><a href=\"https:\/\/www.europesays.com\/pt\/wp-content\/uploads\/2025\/08\/Cena-em-que-Maria-de-Fatima-flagra-Odete-e-Cesar-em-Vale-Tudo-18.jpg\" aria-label=\"Imagem da Galeria\"><img loading=\"lazy\" decoding=\"async\" width=\"1200\" height=\"675\" data-id=\"7624745\" src=\"https:\/\/www.europesays.com\/pt\/wp-content\/uploads\/2025\/08\/Cena-em-que-Maria-de-Fatima-flagra-Odete-e-Cesar-em-Vale-Tudo-18.jpg\" alt=\"\" class=\"wp-image-7624745\"  \/><\/a><\/p>\n<p>F\u00e1tima j\u00e1 est\u00e1 xingando C\u00e9sar (Foto: Reprodu\u00e7\u00e3o, TV Globo)<\/p>\n<p><a href=\"https:\/\/www.europesays.com\/pt\/wp-content\/uploads\/2025\/08\/1756204459_185_20-3.jpg\"><a href=\"https:\/\/www.europesays.com\/pt\/wp-content\/uploads\/2025\/08\/1756204459_185_20-3.jpg\" aria-label=\"Imagem da Galeria\"><img loading=\"lazy\" decoding=\"async\" width=\"1200\" height=\"675\" data-id=\"7624742\" src=\"https:\/\/www.europesays.com\/pt\/wp-content\/uploads\/2025\/08\/1756204459_185_20-3.jpg\" alt=\"Cena em que Maria de F\u00e1tima flagra Odete e C\u00e9sar em Vale Tudo\" class=\"wp-image-7624742\"  \/><\/a><\/p>\n<p>E ele fica quieto sem falar nada (Foto: Reprodu\u00e7\u00e3o, TV Globo)<\/p>\n<p><a href=\"https:\/\/www.europesays.com\/pt\/wp-content\/uploads\/2025\/08\/Cena-em-que-Maria-de-Fatima-flagra-Odete-e-Cesar-em-Vale-Tudo-19.jpg\"><a href=\"https:\/\/www.europesays.com\/pt\/wp-content\/uploads\/2025\/08\/Cena-em-que-Maria-de-Fatima-flagra-Odete-e-Cesar-em-Vale-Tudo-19.jpg\" aria-label=\"Imagem da Galeria\"><img loading=\"lazy\" decoding=\"async\" width=\"1200\" height=\"675\" data-id=\"7624746\" src=\"https:\/\/www.europesays.com\/pt\/wp-content\/uploads\/2025\/08\/Cena-em-que-Maria-de-Fatima-flagra-Odete-e-Cesar-em-Vale-Tudo-19.jpg\" alt=\"Cena em que Maria de F\u00e1tima flagra Odete e C\u00e9sar em Vale Tudo\" class=\"wp-image-7624746\"  \/><\/a><\/p>\n<p>Odete pergunta se os dois se conhecem (Foto: Reprodu\u00e7\u00e3o, TV Globo)<\/p>\n<p><a href=\"https:\/\/www.europesays.com\/pt\/wp-content\/uploads\/2025\/08\/Cena-em-que-Maria-de-Fatima-flagra-Odete-e-Cesar-em-Vale-Tudo-20.jpg\"><a href=\"https:\/\/www.europesays.com\/pt\/wp-content\/uploads\/2025\/08\/Cena-em-que-Maria-de-Fatima-flagra-Odete-e-Cesar-em-Vale-Tudo-20.jpg\" aria-label=\"Imagem da Galeria\"><img loading=\"lazy\" decoding=\"async\" width=\"1200\" height=\"675\" data-id=\"7624747\" src=\"https:\/\/www.europesays.com\/pt\/wp-content\/uploads\/2025\/08\/Cena-em-que-Maria-de-Fatima-flagra-Odete-e-Cesar-em-Vale-Tudo-20.jpg\" alt=\"\" class=\"wp-image-7624747\"  \/><\/a><\/p>\n<p>Ao contr\u00e1rio do que F\u00e1tima imaginou, Odete n\u00e3o se abala em saber que ela e C\u00e9sar tiveram um caso (Foto: Reprodu\u00e7\u00e3o, TV Globo)<\/p>\n<p><a href=\"https:\/\/www.europesays.com\/pt\/wp-content\/uploads\/2025\/08\/Cena-em-que-Maria-de-Fatima-flagra-Odete-e-Cesar-em-Vale-Tudo-21.jpg\"><a href=\"https:\/\/www.europesays.com\/pt\/wp-content\/uploads\/2025\/08\/Cena-em-que-Maria-de-Fatima-flagra-Odete-e-Cesar-em-Vale-Tudo-21.jpg\" aria-label=\"Imagem da Galeria\"><img loading=\"lazy\" decoding=\"async\" width=\"1200\" height=\"675\" data-id=\"7624748\" src=\"https:\/\/www.europesays.com\/pt\/wp-content\/uploads\/2025\/08\/Cena-em-que-Maria-de-Fatima-flagra-Odete-e-Cesar-em-Vale-Tudo-21.jpg\" alt=\"Cena em que Maria de F\u00e1tima flagra Odete e C\u00e9sar em Vale Tudo\" class=\"wp-image-7624748\"  \/><\/a><\/p>\n<p>C\u00e9sar diz que est\u00e1 feliz com Odete e gosta dela (Foto: Reprodu\u00e7\u00e3o, TV Globo)<\/p>\n<p><a href=\"https:\/\/www.europesays.com\/pt\/wp-content\/uploads\/2025\/08\/Cena-em-que-Maria-de-Fatima-flagra-Odete-e-Cesar-em-Vale-Tudo-22.jpg\"><a href=\"https:\/\/www.europesays.com\/pt\/wp-content\/uploads\/2025\/08\/Cena-em-que-Maria-de-Fatima-flagra-Odete-e-Cesar-em-Vale-Tudo-22.jpg\" aria-label=\"Imagem da Galeria\"><img fetchpriority=\"high\" loading=\"lazy\" decoding=\"async\" width=\"1200\" height=\"675\" data-id=\"7624749\" src=\"https:\/\/www.europesays.com\/pt\/wp-content\/uploads\/2025\/08\/Cena-em-que-Maria-de-Fatima-flagra-Odete-e-Cesar-em-Vale-Tudo-22.jpg\" alt=\"\" class=\"wp-image-7624749\"  \/><\/a><\/p>\n<p>Maria de F\u00e1tima sai humilhada (Foto: Reprodu\u00e7\u00e3o, TV Globo)<\/p>\n<p>VoltarAvan\u00e7ar<\/p>\n<p>Continua depois da publicidade<\/p>\n<p>Com isso, atrav\u00e9s de Marina (Fernanda Botelho), F\u00e1tima ficar\u00e1 sabendo que Odete e C\u00e9sar ir\u00e3o se casar. Para tramar contra o casamento da ex-sogra, F\u00e1tima contar\u00e1 com a ajuda de algu\u00e9m que tamb\u00e9m n\u00e3o ficou nada feliz com esse matrim\u00f4nio: M\u00e1rio S\u00e9rgio (Thom\u00e1s Aquino) se junta a F\u00e1tima nessa vingan\u00e7a.<\/p>\n<p>Maria de F\u00e1tima planta uma not\u00edcia na internet dizendo que Odete se casou com o ladr\u00e3o que roubou o quadro de Heleninha (Paolla Oliveira). C\u00e9sar decide fugir da festa com Olavo (Ricardo Teodoro), com medo de ser preso.<\/p>\n<p>Mais uma vez, o plano de F\u00e1tima dar\u00e1 errado, e Odete impede que C\u00e9sar deixe a festa de casamento e comunica aos convidados que a mat\u00e9ria \u00e9 falsa. Al\u00e9m disso, a bilion\u00e1ria presenteia C\u00e9sar com um carro. Se isso n\u00e3o \u00e9 amor, o que ser\u00e1?<\/p>\n<p>Continua depois da publicidade<\/p>\n<p><strong><a href=\"https:\/\/www.nsctotal.com.br\/noticias\/globo-traz-4-novelas-de-volta-em-setembro-com-duas-que-nunca-foram-reprisadas\" target=\"_blank\" rel=\"noreferrer noopener nofollow\">Globo traz 4 novelas de volta em setembro com duas que nunca foram reprisadas<\/a><\/strong><\/p>\n","protected":false},"excerpt":{"rendered":"C\u00e9sar decide fugir do casamento com Olavo em Vale Tudo (Foto: Reprodu\u00e7\u00e3o, TV Globo) O romance entre Odete&hellip;\n","protected":false},"author":2,"featured_media":53213,"comment_status":"","ping_status":"","sticky":false,"template":"","format":"standard","meta":{"footnotes":""},"categories":[142],"tags":[114,115,32,33,151,543],"class_list":{"0":"post-53212","1":"post","2":"type-post","3":"status-publish","4":"format-standard","5":"has-post-thumbnail","7":"category-tv","8":"tag-entertainment","9":"tag-entretenimento","10":"tag-portugal","11":"tag-pt","12":"tag-tv","13":"tag-ver-ouvir-ler"},"share_on_mastodon":{"url":"","error":""},"_links":{"self":[{"href":"https:\/\/www.europesays.com\/pt\/wp-json\/wp\/v2\/posts\/53212","targetHints":{"allow":["GET"]}}],"collection":[{"href":"https:\/\/www.europesays.com\/pt\/wp-json\/wp\/v2\/posts"}],"about":[{"href":"https:\/\/www.europesays.com\/pt\/wp-json\/wp\/v2\/types\/post"}],"author":[{"embeddable":true,"href":"https:\/\/www.europesays.com\/pt\/wp-json\/wp\/v2\/users\/2"}],"replies":[{"embeddable":true,"href":"https:\/\/www.europesays.com\/pt\/wp-json\/wp\/v2\/comments?post=53212"}],"version-history":[{"count":0,"href":"https:\/\/www.europesays.com\/pt\/wp-json\/wp\/v2\/posts\/53212\/revisions"}],"wp:featuredmedia":[{"embeddable":true,"href":"https:\/\/www.europesays.com\/pt\/wp-json\/wp\/v2\/media\/53213"}],"wp:attachment":[{"href":"https:\/\/www.europesays.com\/pt\/wp-json\/wp\/v2\/media?parent=53212"}],"wp:term":[{"taxonomy":"category","embeddable":true,"href":"https:\/\/www.europesays.com\/pt\/wp-json\/wp\/v2\/categories?post=53212"},{"taxonomy":"post_tag","embeddable":true,"href":"https:\/\/www.europesays.com\/pt\/wp-json\/wp\/v2\/tags?post=53212"}],"curies":[{"name":"wp","href":"https:\/\/api.w.org\/{rel}","templated":true}]}}