{"id":53234,"date":"2025-08-31T23:17:08","date_gmt":"2025-08-31T23:17:08","guid":{"rendered":"https:\/\/www.europesays.com\/pt\/53234\/"},"modified":"2025-08-31T23:17:08","modified_gmt":"2025-08-31T23:17:08","slug":"neymar-reage-a-decisao-de-carlo-ancelotti-de-nao-o-convocar-para-a-selecao","status":"publish","type":"post","link":"https:\/\/www.europesays.com\/pt\/53234\/","title":{"rendered":"Neymar reage \u00e0 decis\u00e3o de Carlo Ancelotti de n\u00e3o o convocar para a sele\u00e7\u00e3o"},"content":{"rendered":"<p><a target=\"_blank\" class=\"editor-link autolink-enabled\" href=\"https:\/\/www.abola.pt\/futebol\/jogador\/neymar-3404\" data-resource-id=\"3404\" data-resource-type=\"player\" data-sport=\"football\" rel=\"nofollow noopener\">Neymar<\/a> voltou este domingo aos relvados, no empate a zero entre <a target=\"_blank\" class=\"editor-link autolink-enabled\" href=\"https:\/\/www.abola.pt\/futebol\/santos-177\" data-resource-id=\"177\" data-resource-type=\"team\" data-sport=\"football\" rel=\"nofollow noopener\">Santos<\/a> e <a target=\"_blank\" class=\"editor-link autolink-enabled\" href=\"https:\/\/www.abola.pt\/futebol\/fluminense-179\" data-resource-id=\"179\" data-resource-type=\"team\" data-sport=\"football\" rel=\"nofollow noopener\">Fluminense<\/a>, dias depois de Carlo Ancelotti anunciar os convocados para os jogos de qualifica\u00e7\u00e3o para o <a target=\"_blank\" class=\"editor-link autolink-enabled\" href=\"https:\/\/www.abola.pt\/futebol\/competicao\/mundial-30\" data-resource-id=\"30\" data-resource-type=\"competition\" data-sport=\"football\" rel=\"nofollow noopener\">Mundial<\/a> 2026. Entre os quais o nome de Neymar n\u00e3o estava. E apesar de ter vindo de les\u00e3o, o avan\u00e7ado n\u00e3o acredita que foi isso que o afastou da convocat\u00f3ria.<\/p>\n<p>\u00abAcho que fiquei fora por op\u00e7\u00e3o t\u00e9cnica mesmo, acho que n\u00e3o tem nada a ver com a condi\u00e7\u00e3o f\u00edsica. \u00c9 a opini\u00e3o do treinador e eu respeito. J\u00e1 que estou de fora, basta torcer pela nossa sele\u00e7\u00e3o para que eles possam fazer bons jogos\u00bb, disse ap\u00f3s o encontro com o Fluminense.<\/p>\n<p>O avan\u00e7ado foi preterido em favor de <a target=\"_blank\" class=\"editor-link autolink-enabled\" href=\"https:\/\/www.abola.pt\/futebol\/jogador\/estevao-301531\" data-resource-id=\"301531\" data-resource-type=\"player\" data-sport=\"football\" rel=\"nofollow noopener\">Est\u00eav\u00e3o<\/a>, <a target=\"_blank\" class=\"editor-link autolink-enabled\" href=\"https:\/\/www.abola.pt\/futebol\/jogador\/kaio-jorge-199561\" data-resource-id=\"199561\" data-resource-type=\"player\" data-sport=\"football\" rel=\"nofollow noopener\">Kaio Jorge<\/a>, <a target=\"_blank\" class=\"editor-link autolink-enabled\" href=\"https:\/\/www.abola.pt\/futebol\/jogador\/raphinha-8824\" data-resource-id=\"8824\" data-resource-type=\"player\" data-sport=\"football\" rel=\"nofollow noopener\">Raphinha<\/a>, <a target=\"_blank\" class=\"editor-link autolink-enabled\" href=\"https:\/\/www.abola.pt\/futebol\/jogador\/luiz-henrique-224662\" data-resource-id=\"224662\" data-resource-type=\"player\" data-sport=\"football\" rel=\"nofollow noopener\">Luiz Henrique<\/a> e <a target=\"_blank\" class=\"editor-link autolink-enabled\" href=\"https:\/\/www.abola.pt\/futebol\/jogador\/gabriel-martinelli-204051\" data-resource-id=\"204051\" data-resource-type=\"player\" data-sport=\"football\" rel=\"nofollow noopener\">Gabriel Martinelli<\/a>, os extremos chamados por Ancelotti para os jogos do Brasil com o Chile (a cinco de setembro) e com a Bol\u00edvia (a 10 de setembro).<\/p>\n<p>Neymar explicou ainda o problema f\u00edsico que ultrapassou para poder jogar este domingo: \u00abFoi um edema que eu tive no adutor. Foi um inc\u00f3modo, na verdade. Que n\u00e3o foi nada demais, tanto que eu joguei hoje. N\u00e3o ia jogar contra o Bahia [na jornada anterior], ent\u00e3o, preferiram poupar-me dos treinos para poder recuperar.\u00bb<\/p>\n<p>Com 20 jogos realizados pelo Santos em 2025, Neymar tem seis golos marcados e, de momento, soma quatro encontros seguidos sem marcar.<\/p>\n","protected":false},"excerpt":{"rendered":"Neymar voltou este domingo aos relvados, no empate a zero entre Santos e Fluminense, dias depois de Carlo&hellip;\n","protected":false},"author":2,"featured_media":53235,"comment_status":"","ping_status":"","sticky":false,"template":"","format":"standard","meta":{"footnotes":""},"categories":[87],"tags":[135,32,33,134],"class_list":{"0":"post-53234","1":"post","2":"type-post","3":"status-publish","4":"format-standard","5":"has-post-thumbnail","7":"category-desporto","8":"tag-desporto","9":"tag-portugal","10":"tag-pt","11":"tag-sports"},"share_on_mastodon":{"url":"","error":""},"_links":{"self":[{"href":"https:\/\/www.europesays.com\/pt\/wp-json\/wp\/v2\/posts\/53234","targetHints":{"allow":["GET"]}}],"collection":[{"href":"https:\/\/www.europesays.com\/pt\/wp-json\/wp\/v2\/posts"}],"about":[{"href":"https:\/\/www.europesays.com\/pt\/wp-json\/wp\/v2\/types\/post"}],"author":[{"embeddable":true,"href":"https:\/\/www.europesays.com\/pt\/wp-json\/wp\/v2\/users\/2"}],"replies":[{"embeddable":true,"href":"https:\/\/www.europesays.com\/pt\/wp-json\/wp\/v2\/comments?post=53234"}],"version-history":[{"count":0,"href":"https:\/\/www.europesays.com\/pt\/wp-json\/wp\/v2\/posts\/53234\/revisions"}],"wp:featuredmedia":[{"embeddable":true,"href":"https:\/\/www.europesays.com\/pt\/wp-json\/wp\/v2\/media\/53235"}],"wp:attachment":[{"href":"https:\/\/www.europesays.com\/pt\/wp-json\/wp\/v2\/media?parent=53234"}],"wp:term":[{"taxonomy":"category","embeddable":true,"href":"https:\/\/www.europesays.com\/pt\/wp-json\/wp\/v2\/categories?post=53234"},{"taxonomy":"post_tag","embeddable":true,"href":"https:\/\/www.europesays.com\/pt\/wp-json\/wp\/v2\/tags?post=53234"}],"curies":[{"name":"wp","href":"https:\/\/api.w.org\/{rel}","templated":true}]}}