{"id":53366,"date":"2025-09-01T01:07:14","date_gmt":"2025-09-01T01:07:14","guid":{"rendered":"https:\/\/www.europesays.com\/pt\/53366\/"},"modified":"2025-09-01T01:07:14","modified_gmt":"2025-09-01T01:07:14","slug":"cristina-ferreira-vai-realizar-o-maior-sonho-da-sua-vida-a-revelacao-que-esta-a-emocionar-a-internet-big-brother","status":"publish","type":"post","link":"https:\/\/www.europesays.com\/pt\/53366\/","title":{"rendered":"Cristina Ferreira vai realizar o maior sonho da sua vida: a revela\u00e7\u00e3o que est\u00e1 a emocionar a Internet &#8211; Big Brother"},"content":{"rendered":"<p><a href=\"https:\/\/tvi.iol.pt\/bigbrother\/cristina-ferreira\/aniversario\/estas-sao-as-fotografias-mais-bonitas-de-cristina-ferreira-e-que-a-podem-levar-a-tomar-uma-decisao-radical\" rel=\"nofollow noopener\" target=\"_blank\"><strong>Cristina Ferreira<\/strong> vai concretizar um sonho antigo.<\/a>\u00a0A revela\u00e7\u00e3o foi feita pela pr\u00f3pria, atrav\u00e9s de uma publica\u00e7\u00e3o nas redes sociais que est\u00e1 a deixar a Internet emocionada: a <a href=\"https:\/\/tvi.iol.pt\/bigbrother\/cristina-ferreira\/secret-story\/reviravoltas-inesperadas-e-segredos-inconfessaveis-isto-e-tudo-o-que-ja-se-sabe-sobre-o-novo-secret-story\" rel=\"nofollow noopener\" target=\"_blank\">apresentadora<\/a>\u00a0vai reconstruir a casa de fam\u00edlia.<\/p>\n<p>\u00abEu nasci aqui. Porque aqui nasceu o meu pai.<strong> Esta \u00e9 a primeira casa da fam\u00edlia Ferreira. Onde muitos dos meus nasceram e cresceram. A \u00fanica mem\u00f3ria que tenho da minha av\u00f3 est\u00e1 neste port\u00e3o de entrada. Nem sei como a guardei<\/strong>. Tinha apenas dois anos. Quando ela morreu, h\u00e1 45 anos, o meu av\u00f4 morreu de amor. Ficou \u00e0 espera de a reencontrar anos a fio, desistiu mesmo de viver\u00bb, come\u00e7a por dizer, na legenda de uma publica\u00e7\u00e3o onde se mostra \u00e0 porta da casa.<\/p>\n<p>\u00ab<strong>Esta casa ficou sem ningu\u00e9m. S\u00f3 mem\u00f3rias. Que agora vou reconstruir. Este \u00e9 um sonho antigo. Que come\u00e7a agora. Onde eles estiverem v\u00e3o gostar de ver a neta a p\u00f4r m\u00e3os \u00e0 obra. Pedra sobre pedra<\/strong>\u00bb, acrescenta.<\/p>\n<p><strong>Pode ver tudo aqui:<\/strong><\/p>\n<p style=\"text-align:center\"><img loading=\"lazy\" decoding=\"async\" alt=\"\" height=\"600\" src=\"https:\/\/www.europesays.com\/pt\/wp-content\/uploads\/2025\/09\/68b4ae3fd34e3f0baea230a9.webp\" width=\"450\"\/><\/p>\n<p style=\"text-align:center\"><img loading=\"lazy\" decoding=\"async\" alt=\"\" height=\"600\" src=\"https:\/\/www.europesays.com\/pt\/wp-content\/uploads\/2025\/09\/68b4ae3fd34ef72ee449fff9.webp\" width=\"450\"\/><\/p>\n<p>Na caixa de coment\u00e1rios da publica\u00e7\u00e3o,<a href=\"https:\/\/tvi.iol.pt\/bigbrother\/cristina-ferreira\/27-08-2025\/cristina-ferreira-de-olhar-brilhante-com-distincao-poderosa-foi-preciso-nao-ter-medo\" rel=\"nofollow noopener\" target=\"_blank\"> os f\u00e3s de Cristina Ferreira n\u00e3o contiveram as emo\u00e7\u00f5es pela homenagem bonita <\/a>que a apresentadora fez \u00e0 fam\u00edlia. <strong>\u00abMaravilhoso! Vou adorar acompanhar!\u00bb, <\/strong>\u00abQue linda hist\u00f3ria de amor! \ud83e\udef6\u00bb, \u00abUm beijinho que gesto bonito\ud83d\ude0d\u00bb, \u00abQue excelente forma de os honrar. Que tudo corra pelo melhor. \ud83d\ude0d\u00bb,<strong> \u00abOs av\u00f3s nunca morrem\u2764\ufe0f<\/strong>\u00bb, \u00abN\u00e3o h\u00e1 nada melhor do qu relembrar as mem\u00f3rias que cri\u00e1mos com os nossos av\u00f3s!\u00bb, \u00abSer bonito que \u00e9s\u00bb,<strong> \u00abAcho que vai ser a \u201ccena\u201d mais incr\u00edvel de todas as que j\u00e1 fizeste \ud83d\udc4f\u00bb,<\/strong> pode ler-se.\u00a0<\/p>\n<p>\u00a0<\/p>\n<blockquote class=\"instagram-media\" data-instgrm-captioned=\"\" data-instgrm-permalink=\"https:\/\/www.instagram.com\/p\/DOB4-z2DHWW\/?utm_source=ig_embed&amp;utm_campaign=loading\" data-instgrm-version=\"14\" style=\" background:#FFF; border:0; border-radius:3px; box-shadow:0 0 1px 0 rgba(0,0,0,0.5),0 1px 10px 0 rgba(0,0,0,0.15); margin: 1px; max-width:540px; min-width:326px; padding:0; width:99.375%; width:-webkit-calc(100% - 2px); width:calc(100% - 2px);\">\n<\/blockquote>\n<p>                        <script async src=\"\/\/www.instagram.com\/embed.js\"><\/script><\/p>\n","protected":false},"excerpt":{"rendered":"Cristina Ferreira vai concretizar um sonho antigo.\u00a0A revela\u00e7\u00e3o foi feita pela pr\u00f3pria, atrav\u00e9s de uma publica\u00e7\u00e3o nas redes&hellip;\n","protected":false},"author":2,"featured_media":26874,"comment_status":"","ping_status":"","sticky":false,"template":"","format":"standard","meta":{"footnotes":"","_share_on_mastodon":"0"},"categories":[145],"tags":[331,48,211,210,329,333,328,335,166,336,114,115,334,332,330,13,32,33,11301,162,227],"class_list":["post-53366","post","type-post","status-publish","format-standard","has-post-thumbnail","category-celebridades","tag-big","tag-big-brother","tag-celebridades","tag-celebrities","tag-claudio-ramos","tag-comentadores","tag-concorrentes","tag-confrontos","tag-cristina-ferreira","tag-discussoes","tag-entertainment","tag-entretenimento","tag-exclusivos","tag-expulso","tag-gala","tag-noticias","tag-portugal","tag-pt","tag-sonho","tag-tvi","tag-videos"],"share_on_mastodon":{"url":"","error":""},"_links":{"self":[{"href":"https:\/\/www.europesays.com\/pt\/wp-json\/wp\/v2\/posts\/53366","targetHints":{"allow":["GET"]}}],"collection":[{"href":"https:\/\/www.europesays.com\/pt\/wp-json\/wp\/v2\/posts"}],"about":[{"href":"https:\/\/www.europesays.com\/pt\/wp-json\/wp\/v2\/types\/post"}],"author":[{"embeddable":true,"href":"https:\/\/www.europesays.com\/pt\/wp-json\/wp\/v2\/users\/2"}],"replies":[{"embeddable":true,"href":"https:\/\/www.europesays.com\/pt\/wp-json\/wp\/v2\/comments?post=53366"}],"version-history":[{"count":0,"href":"https:\/\/www.europesays.com\/pt\/wp-json\/wp\/v2\/posts\/53366\/revisions"}],"wp:featuredmedia":[{"embeddable":true,"href":"https:\/\/www.europesays.com\/pt\/wp-json\/wp\/v2\/media\/26874"}],"wp:attachment":[{"href":"https:\/\/www.europesays.com\/pt\/wp-json\/wp\/v2\/media?parent=53366"}],"wp:term":[{"taxonomy":"category","embeddable":true,"href":"https:\/\/www.europesays.com\/pt\/wp-json\/wp\/v2\/categories?post=53366"},{"taxonomy":"post_tag","embeddable":true,"href":"https:\/\/www.europesays.com\/pt\/wp-json\/wp\/v2\/tags?post=53366"}],"curies":[{"name":"wp","href":"https:\/\/api.w.org\/{rel}","templated":true}]}}