{"id":53521,"date":"2025-09-01T04:00:13","date_gmt":"2025-09-01T04:00:13","guid":{"rendered":"https:\/\/www.europesays.com\/pt\/53521\/"},"modified":"2025-09-01T04:00:13","modified_gmt":"2025-09-01T04:00:13","slug":"adriane-galisteu-fala-sobre-preparacao-para-a-fazenda-17","status":"publish","type":"post","link":"https:\/\/www.europesays.com\/pt\/53521\/","title":{"rendered":"Adriane Galisteu fala sobre prepara\u00e7\u00e3o para A Fazenda 17"},"content":{"rendered":"<p>Adriane Galisteu, de 52 anos, comandar\u00e1 mais uma temporada de *A Fazenda* na Record TV. Em entrevista exclusiva \u00e0 revista Quem, ela revelou que sente um frio na barriga como se fosse a sua primeira vez na televis\u00e3o.<\/p>\n<p>&#8220;Parece sempre que estou estreando. Sempre tenho essa sensa\u00e7\u00e3o e quero que isso continue. Preciso dessa emo\u00e7\u00e3o da estreia, desse nervosismo. Para mim, \u00e9 uma sensa\u00e7\u00e3o muito louca de estreia, seja na televis\u00e3o ou no teatro, sempre \u00e9 como a primeira vez&#8221;, afirmou.<\/p>\n<p>A apresentadora destaca o valor de manter-se presente nas plataformas digitais al\u00e9m da telinhas. &#8220;Faz parte da minha vida. \u00c9 t\u00e3o importante. Tenho meus passeios na internet, que considero essenciais. Cuidar de tudo sozinho d\u00e1 trabalho, mas durante *A Fazenda*, conto com uma equipe que me ajuda a alimentar as redes sociais com mais consist\u00eancia.&#8221;<\/p>\n<p>Galisteu tamb\u00e9m falou sobre autoestima, ressaltando que ela n\u00e3o deve estar baseada em fatores externos. &#8220;A autoestima n\u00e3o pode estar apoiada em lugar nenhum, sen\u00e3o, voc\u00ea dan\u00e7a. A vida de um artista, independentemente do tamanho, \u00e9 c\u00edclica, com altos e baixos, como de qualquer pessoa.&#8221;\u00a0<\/p>\n<p>&#8220;Da gente com a gente, de se olhar no espelho, na hora de dormir, \u00e9 importante se manter conectado consigo mesmo. N\u00e3o largo minha m\u00e3o por nada. Mas n\u00e3o posso fincar minha autoestima apenas no trabalho, na beleza ou no corpo. Isso me deixaria vulner\u00e1vel. Minha autoestima est\u00e1 na minha alma, no quanto me gosto e no quanto me trato bem&#8221;, completou.\u00a0<\/p>\n","protected":false},"excerpt":{"rendered":"Adriane Galisteu, de 52 anos, comandar\u00e1 mais uma temporada de *A Fazenda* na Record TV. Em entrevista exclusiva&hellip;\n","protected":false},"author":2,"featured_media":53522,"comment_status":"","ping_status":"","sticky":false,"template":"","format":"standard","meta":{"footnotes":""},"categories":[142],"tags":[4706,3433,114,115,32,33,151],"class_list":{"0":"post-53521","1":"post","2":"type-post","3":"status-publish","4":"format-standard","5":"has-post-thumbnail","7":"category-tv","8":"tag-a-fazenda-17","9":"tag-adriane-galisteu","10":"tag-entertainment","11":"tag-entretenimento","12":"tag-portugal","13":"tag-pt","14":"tag-tv"},"share_on_mastodon":{"url":"","error":""},"_links":{"self":[{"href":"https:\/\/www.europesays.com\/pt\/wp-json\/wp\/v2\/posts\/53521","targetHints":{"allow":["GET"]}}],"collection":[{"href":"https:\/\/www.europesays.com\/pt\/wp-json\/wp\/v2\/posts"}],"about":[{"href":"https:\/\/www.europesays.com\/pt\/wp-json\/wp\/v2\/types\/post"}],"author":[{"embeddable":true,"href":"https:\/\/www.europesays.com\/pt\/wp-json\/wp\/v2\/users\/2"}],"replies":[{"embeddable":true,"href":"https:\/\/www.europesays.com\/pt\/wp-json\/wp\/v2\/comments?post=53521"}],"version-history":[{"count":0,"href":"https:\/\/www.europesays.com\/pt\/wp-json\/wp\/v2\/posts\/53521\/revisions"}],"wp:featuredmedia":[{"embeddable":true,"href":"https:\/\/www.europesays.com\/pt\/wp-json\/wp\/v2\/media\/53522"}],"wp:attachment":[{"href":"https:\/\/www.europesays.com\/pt\/wp-json\/wp\/v2\/media?parent=53521"}],"wp:term":[{"taxonomy":"category","embeddable":true,"href":"https:\/\/www.europesays.com\/pt\/wp-json\/wp\/v2\/categories?post=53521"},{"taxonomy":"post_tag","embeddable":true,"href":"https:\/\/www.europesays.com\/pt\/wp-json\/wp\/v2\/tags?post=53521"}],"curies":[{"name":"wp","href":"https:\/\/api.w.org\/{rel}","templated":true}]}}