{"id":53721,"date":"2025-09-01T09:53:33","date_gmt":"2025-09-01T09:53:33","guid":{"rendered":"https:\/\/www.europesays.com\/pt\/53721\/"},"modified":"2025-09-01T09:53:33","modified_gmt":"2025-09-01T09:53:33","slug":"flavio-furtado-em-choque-com-crueldade-foi-encontrada-num-estado-de-enorme-sofrimento","status":"publish","type":"post","link":"https:\/\/www.europesays.com\/pt\/53721\/","title":{"rendered":"Fl\u00e1vio Furtado em choque com &#8220;crueldade&#8221;: &#8220;Foi encontrada num estado de enorme sofrimento&#8221;"},"content":{"rendered":"<p>&#8220;Fonte do Bastardo, na ilha Terceira, ajudem-me, por favor, a encontrar os donos desta cadelinha.&#8221; Foi desta forma que Fl\u00e1vio Furtado come\u00e7ou uma publica\u00e7\u00e3o feita, este domingo, dia 31, no Instagram, no qual o apresentador e comentador divulga fotografias impressionantes do animal em quest\u00e3o.<\/p>\n<p>&#8220;Foi encontrada num estado de enorme sofrimento &#8211; desnutrida, cheia de fome e sede, com apenas meio metro de corrente preso ao pesco\u00e7o. \u00c9 imposs\u00edvel ficar indiferente a tanta crueldade&#8221;, desabafou <a href=\"https:\/\/selfie.iol.pt\/famosos\/diogo-alexandre-pires\/partilhada-novidade-sobre-diogo-alexandre-que-envolve-flavio-furtado\/20250523\/682f88add34e3f0bae9e87fd\" target=\"_blank\" rel=\"nofollow noopener\">Fl\u00e1vio Furtado<\/a>.<\/p>\n<p>De seguida, refor\u00e7ou o apelo: &#8220;Pe\u00e7o a todos que partilhem e nos ajudem a identificar os respons\u00e1veis por esta barbaridade. N\u00e3o vamos deixar que isto passe em sil\u00eancio &#8211; ser\u00e1 apresentada queixa \u00e0s autoridades.&#8221;<\/p>\n<p>&#8220;Esta cadelinha merece justi\u00e7a e, acima de tudo, merece finalmente uma vida cheia de carinho e dignidade&#8221;, rematou Fl\u00e1vio Furtado.<\/p>\n<p>Veja, agora, na galeria que prepar\u00e1mos para si, as imagens partilhadas por <a href=\"https:\/\/selfie.iol.pt\/famosos\/agata\/temos-cantor-flavio-furtado-sobe-a-palco-e-surpreende-ao-lado-de-famosa-cantora\/20250407\/67f3d64cd34ef72ee4446a11\" target=\"_blank\" rel=\"nofollow noopener\">Fl\u00e1vio Furtado<\/a>. Alertamos\u00a0que as mesmas podem ferir a suscetibilidade dos leitores mais sens\u00edveis.<\/p>\n","protected":false},"excerpt":{"rendered":"&#8220;Fonte do Bastardo, na ilha Terceira, ajudem-me, por favor, a encontrar os donos desta cadelinha.&#8221; Foi desta forma&hellip;\n","protected":false},"author":2,"featured_media":53722,"comment_status":"","ping_status":"","sticky":false,"template":"","format":"standard","meta":{"footnotes":""},"categories":[85],"tags":[6973,6308,48,2632,13933,114,115,980,15559,1015,619,32,33,1014,1315,6985,1012,6986,162],"class_list":{"0":"post-53721","1":"post","2":"type-post","3":"status-publish","4":"format-standard","5":"has-post-thumbnail","7":"category-entretenimento","8":"tag-apresentador","9":"tag-bb","10":"tag-big-brother","11":"tag-casa-dos-segredos","12":"tag-comentador","13":"tag-entertainment","14":"tag-entretenimento","15":"tag-famosos","16":"tag-flavio-furtado","17":"tag-instagram","18":"tag-nacional","19":"tag-portugal","20":"tag-pt","21":"tag-reality-show","22":"tag-secret-story","23":"tag-secret-story-casa-dos-segredos","24":"tag-selfie","25":"tag-ss","26":"tag-tvi"},"share_on_mastodon":{"url":"","error":""},"_links":{"self":[{"href":"https:\/\/www.europesays.com\/pt\/wp-json\/wp\/v2\/posts\/53721","targetHints":{"allow":["GET"]}}],"collection":[{"href":"https:\/\/www.europesays.com\/pt\/wp-json\/wp\/v2\/posts"}],"about":[{"href":"https:\/\/www.europesays.com\/pt\/wp-json\/wp\/v2\/types\/post"}],"author":[{"embeddable":true,"href":"https:\/\/www.europesays.com\/pt\/wp-json\/wp\/v2\/users\/2"}],"replies":[{"embeddable":true,"href":"https:\/\/www.europesays.com\/pt\/wp-json\/wp\/v2\/comments?post=53721"}],"version-history":[{"count":0,"href":"https:\/\/www.europesays.com\/pt\/wp-json\/wp\/v2\/posts\/53721\/revisions"}],"wp:featuredmedia":[{"embeddable":true,"href":"https:\/\/www.europesays.com\/pt\/wp-json\/wp\/v2\/media\/53722"}],"wp:attachment":[{"href":"https:\/\/www.europesays.com\/pt\/wp-json\/wp\/v2\/media?parent=53721"}],"wp:term":[{"taxonomy":"category","embeddable":true,"href":"https:\/\/www.europesays.com\/pt\/wp-json\/wp\/v2\/categories?post=53721"},{"taxonomy":"post_tag","embeddable":true,"href":"https:\/\/www.europesays.com\/pt\/wp-json\/wp\/v2\/tags?post=53721"}],"curies":[{"name":"wp","href":"https:\/\/api.w.org\/{rel}","templated":true}]}}