{"id":53842,"date":"2025-09-01T11:41:18","date_gmt":"2025-09-01T11:41:18","guid":{"rendered":"https:\/\/www.europesays.com\/pt\/53842\/"},"modified":"2025-09-01T11:41:18","modified_gmt":"2025-09-01T11:41:18","slug":"suspeita-de-envolvimento-russo-detido-suspeito-do-assassinato-de-andriy-parubiy","status":"publish","type":"post","link":"https:\/\/www.europesays.com\/pt\/53842\/","title":{"rendered":"Suspeita de envolvimento russo. Detido suspeito do assassinato de Andriy Parubiy"},"content":{"rendered":"<p>O chefe da pol\u00edcia ucraniana n\u00e3o descarta que o assassinato de Andriy Parubiy tenha tido o envolvimento de Moscovo. <\/p>\n<p>&#8220;Sabemos que este crime n\u00e3o foi acidental. <b>H\u00e1 envolvimento russo. Todos ser\u00e3o responsabilizados perante a le<\/b>i&#8221;, afirmou o chefe da pol\u00edcia, Ivan Vyhivskyi, no Facebook.<\/p>\n<p>&#13;<br \/>\nPara o presidente ucraniano foi um <b>\u201cassassinato horr\u00edvel&#8221; <\/b>e uma <b>&#8220;quest\u00e3o de seguran\u00e7a num pa\u00eds em guerra&#8221;<\/b>.&#13;\n<\/p>\n<p>\n&#8220;O suspeito prestou um depoimento inicial&#8221;, disse Zelensky na aplica\u00e7\u00e3o de mensagens Telegram. &#8220;Est\u00e3o em curso a\u00e7\u00f5es de investiga\u00e7\u00e3o urgentes para apurar todas as circunst\u00e2ncias deste assassinato.&#8221;<\/p>\n<p>\u201cAgrade\u00e7o \u00e0s autoridades policiais pelo trabalho r\u00e1pido e coordenado. Todas as circunst\u00e2ncias deste horr\u00edvel assassinato precisam de ser esclarecidas\u201d, acrescentou Zelensky.<b>O presidente ucraniano revelou ainda que j\u00e1 tinha estado em contacto com o procurador-geral Ruslan Kravchenko, que informou que o suspeito tinha prestado um depoimento inicial.<br \/>&#13;<br \/>\n<\/b><br \/>&#13;<br \/>\n&#8220;Est\u00e3o em curso a\u00e7\u00f5es de investiga\u00e7\u00e3o urgentes para apurar todas as circunst\u00e2ncias deste assassinato&#8221;, acrescentou, agradecendo tamb\u00e9m \u00e0s autoridades policiais e aos procuradores por &#8220;trabalharem 24 horas por dia&#8221;.<br \/>&#13;<br \/>\nDetido no oeste do pa\u00eds &#13;\n<\/p>\n<p>&#13;<br \/>\nO <b>alegado atirador foi detido durante a noite na regi\u00e3o de Khmelnytskyi, no oeste da Ucr\u00e2nia<\/b>, escreveu o ministro ucraniano do Interior, na mesma rede social. &#13;\n<\/p>\n<p>\n\u201cMuitos detalhes n\u00e3o podem ser partilhados neste momento\u201d, declarou Klymenko. \u201cDirei apenas que o crime foi cuidadosamente planeado: os movimentos da v\u00edtima foram estudados, foi tra\u00e7ada uma rota e elaborado um plano de fuga.\u201d<br \/>\n<b><br \/>&#13;<br \/>\nKlymenko disse que a investiga\u00e7\u00e3o preliminar concluiu que o homic\u00eddio tinha sido &#8220;cuidadosamente preparado&#8221;, com a agenda de viagens e a rota de Parubiy mapeadas, bem como um plano de fuga.<\/b><\/p>\n<p>Segundo o governante, pol\u00edcia nacional da Ucr\u00e2nia fornecer\u00e1 mais detalhes posteriormente.Numa confer\u00eancia de imprensa no s\u00e1bado, o chefe da pol\u00edcia de Lviv, Oleksandr Shliakhovskyi, disse que o atacante tinha &#8220;disparado cerca de oito tiros com uma arma de fogo&#8221;.<\/p>\n<p><b>Imagens n\u00e3o verificadas, alegadamente do tiroteio, pareciam mostrar um atirador vestido de entregador a aproximar-se de Parubiy na rua e a segurar uma arma enquanto caminhava atr\u00e1s dele.<\/b><\/p>\n<p>Fontes das ag\u00eancias policiais da Ucr\u00e2nia disseram \u00e0 <a href=\"https:\/\/www.bbc.com\/news\/articles\/cvgn2ry9510o\" target=\"_blank\" rel=\"nofollow noopener\">BBC<\/a> que o agressor se vestiu para se parecer com um funcion\u00e1rio da empresa de entregas Glovo. A empresa disse estar &#8220;profundamente chocada&#8221; com o crime e que iria cooperar totalmente com a investiga\u00e7\u00e3o.<br \/>&#13;<br \/>\nParubiy esteve envolvido na \u201cRevolu\u00e7\u00e3o laranja\u201d&#13;\n<\/p>\n<p>&#13;<br \/>\nO ex-presidente do Parlamento ucraniano, Andriy Parubiy, foi uma figura central da revolu\u00e7\u00e3o pr\u00f3-europeia do Maidan (tamb\u00e9m conhecida como EuroMaidan), um movimento de protestos e agita\u00e7\u00e3o civil na Ucr\u00e2nia, de novembro de 2013 a fevereiro de 2014, que exigia maior integra\u00e7\u00e3o com a Uni\u00e3o Europeia, combate \u00e0 corrup\u00e7\u00e3o e a ren\u00fancia do ent\u00e3o governo.&#13;\n<\/p>\n<p><b><br \/>&#13;<br \/>\nAndriy Parubiy foi um dos l\u00edderes dos grupos de autodefesa durante os protestos do Maidan, que foram reprimidos com viol\u00eancia pelas autoridades. Este movimento for\u00e7ou o ent\u00e3o presidente pr\u00f3-russo Viktor Yanukovych a deixar o poder e fugir para a R\u00fassia em 2014.<\/b><\/p>\n<p>Parubiy, ex-secret\u00e1rio do Conselho de Seguran\u00e7a Nacional de Defesa, esteve igualmente envolvido na chamada \u201cRevolu\u00e7\u00e3o laranja\u201d de 2004, desencadeada ap\u00f3s den\u00fancias de fraude na segunda volta das presidenciais ucranianas.<\/p>\n<p>&#13;<br \/>\nParubiy, de 54 anos, foi ainda presidente do parlamento ucraniano, a Rada, de abril de 2016 a agosto de 2019, antes tinha sido eleito deputado.&#13;\n<\/p>\n<p>&#13;<br \/>\nc\/ ag\u00eancias&#13;<\/p>\n","protected":false},"excerpt":{"rendered":"O chefe da pol\u00edcia ucraniana n\u00e3o descarta que o assassinato de Andriy Parubiy tenha tido o envolvimento de&hellip;\n","protected":false},"author":2,"featured_media":53843,"comment_status":"","ping_status":"","sticky":false,"template":"","format":"standard","meta":{"footnotes":""},"categories":[50],"tags":[15592,3438,27,28,15,16,14,25,26,15593,21,22,62,12,13,19,20,23,24,17,18,840,29,30,31,2416,63,64,65],"class_list":{"0":"post-53842","1":"post","2":"type-post","3":"status-publish","4":"format-standard","5":"has-post-thumbnail","7":"category-mundo","8":"tag-andriy-parubiy","9":"tag-assassinato","10":"tag-breaking-news","11":"tag-breakingnews","12":"tag-featured-news","13":"tag-featurednews","14":"tag-headlines","15":"tag-latest-news","16":"tag-latestnews","17":"tag-lviv","18":"tag-main-news","19":"tag-mainnews","20":"tag-mundo","21":"tag-news","22":"tag-noticias","23":"tag-noticias-principais","24":"tag-noticiasprincipais","25":"tag-principais-noticias","26":"tag-principaisnoticias","27":"tag-top-stories","28":"tag-topstories","29":"tag-ucrania","30":"tag-ultimas","31":"tag-ultimas-noticias","32":"tag-ultimasnoticias","33":"tag-volodymyr-zelensky","34":"tag-world","35":"tag-world-news","36":"tag-worldnews"},"share_on_mastodon":{"url":"","error":""},"_links":{"self":[{"href":"https:\/\/www.europesays.com\/pt\/wp-json\/wp\/v2\/posts\/53842","targetHints":{"allow":["GET"]}}],"collection":[{"href":"https:\/\/www.europesays.com\/pt\/wp-json\/wp\/v2\/posts"}],"about":[{"href":"https:\/\/www.europesays.com\/pt\/wp-json\/wp\/v2\/types\/post"}],"author":[{"embeddable":true,"href":"https:\/\/www.europesays.com\/pt\/wp-json\/wp\/v2\/users\/2"}],"replies":[{"embeddable":true,"href":"https:\/\/www.europesays.com\/pt\/wp-json\/wp\/v2\/comments?post=53842"}],"version-history":[{"count":0,"href":"https:\/\/www.europesays.com\/pt\/wp-json\/wp\/v2\/posts\/53842\/revisions"}],"wp:featuredmedia":[{"embeddable":true,"href":"https:\/\/www.europesays.com\/pt\/wp-json\/wp\/v2\/media\/53843"}],"wp:attachment":[{"href":"https:\/\/www.europesays.com\/pt\/wp-json\/wp\/v2\/media?parent=53842"}],"wp:term":[{"taxonomy":"category","embeddable":true,"href":"https:\/\/www.europesays.com\/pt\/wp-json\/wp\/v2\/categories?post=53842"},{"taxonomy":"post_tag","embeddable":true,"href":"https:\/\/www.europesays.com\/pt\/wp-json\/wp\/v2\/tags?post=53842"}],"curies":[{"name":"wp","href":"https:\/\/api.w.org\/{rel}","templated":true}]}}