{"id":53871,"date":"2025-09-01T12:01:09","date_gmt":"2025-09-01T12:01:09","guid":{"rendered":"https:\/\/www.europesays.com\/pt\/53871\/"},"modified":"2025-09-01T12:01:09","modified_gmt":"2025-09-01T12:01:09","slug":"vai-haver-pedido-de-namoro-catarina-miranda-sonha-futuro-com-afonso-leitao-big-brother","status":"publish","type":"post","link":"https:\/\/www.europesays.com\/pt\/53871\/","title":{"rendered":"Vai haver pedido de namoro? Catarina Miranda sonha futuro com Afonso Leit\u00e3o &#8211; Big Brother"},"content":{"rendered":"<p style=\"margin-bottom:11px\">No Big Brother Ver\u00e3o, durante o \u2018piquenique do l\u00edder\u2019, Catarina Miranda abriu o cora\u00e7\u00e3o e n\u00e3o escondeu o que sente por Afonso Leit\u00e3o. Num momento de partilha descontra\u00edda, a concorrente falou abertamente sobre os seus sentimentos e acabou por revelar como seria, para si, o pedido de namoro de sonho. Bruna e Viriato Quintela reagiram de imediato e o momento foi de risos.<\/p>\n<p>Recorde-se que Ana Duarte foi a expulsa da noite, Bruna \u00e9 a nova l\u00edder da casa e Viriato Quintela conquistou o passaporte para a final.<\/p>\n<p><a href=\"https:\/\/tvi.iol.pt\/bigbrother\/aominuto\" wbo-id=\"33\" rel=\"nofollow noopener\" target=\"_blank\">Acompanhe ao minuto, tudo o que se passa no Big Brother Ver\u00e3o!<\/a><\/p>\n","protected":false},"excerpt":{"rendered":"No Big Brother Ver\u00e3o, durante o \u2018piquenique do l\u00edder\u2019, Catarina Miranda abriu o cora\u00e7\u00e3o e n\u00e3o escondeu o&hellip;\n","protected":false},"author":2,"featured_media":53872,"comment_status":"","ping_status":"","sticky":false,"template":"","format":"standard","meta":{"footnotes":""},"categories":[142],"tags":[331,48,342,329,333,328,335,336,114,115,334,332,330,13,32,33,151,162,227],"class_list":{"0":"post-53871","1":"post","2":"type-post","3":"status-publish","4":"format-standard","5":"has-post-thumbnail","7":"category-tv","8":"tag-big","9":"tag-big-brother","10":"tag-catarina-miranda","11":"tag-claudio-ramos","12":"tag-comentadores","13":"tag-concorrentes","14":"tag-confrontos","15":"tag-discussoes","16":"tag-entertainment","17":"tag-entretenimento","18":"tag-exclusivos","19":"tag-expulso","20":"tag-gala","21":"tag-noticias","22":"tag-portugal","23":"tag-pt","24":"tag-tv","25":"tag-tvi","26":"tag-videos"},"share_on_mastodon":{"url":"","error":""},"_links":{"self":[{"href":"https:\/\/www.europesays.com\/pt\/wp-json\/wp\/v2\/posts\/53871","targetHints":{"allow":["GET"]}}],"collection":[{"href":"https:\/\/www.europesays.com\/pt\/wp-json\/wp\/v2\/posts"}],"about":[{"href":"https:\/\/www.europesays.com\/pt\/wp-json\/wp\/v2\/types\/post"}],"author":[{"embeddable":true,"href":"https:\/\/www.europesays.com\/pt\/wp-json\/wp\/v2\/users\/2"}],"replies":[{"embeddable":true,"href":"https:\/\/www.europesays.com\/pt\/wp-json\/wp\/v2\/comments?post=53871"}],"version-history":[{"count":0,"href":"https:\/\/www.europesays.com\/pt\/wp-json\/wp\/v2\/posts\/53871\/revisions"}],"wp:featuredmedia":[{"embeddable":true,"href":"https:\/\/www.europesays.com\/pt\/wp-json\/wp\/v2\/media\/53872"}],"wp:attachment":[{"href":"https:\/\/www.europesays.com\/pt\/wp-json\/wp\/v2\/media?parent=53871"}],"wp:term":[{"taxonomy":"category","embeddable":true,"href":"https:\/\/www.europesays.com\/pt\/wp-json\/wp\/v2\/categories?post=53871"},{"taxonomy":"post_tag","embeddable":true,"href":"https:\/\/www.europesays.com\/pt\/wp-json\/wp\/v2\/tags?post=53871"}],"curies":[{"name":"wp","href":"https:\/\/api.w.org\/{rel}","templated":true}]}}