{"id":53905,"date":"2025-09-01T12:25:10","date_gmt":"2025-09-01T12:25:10","guid":{"rendered":"https:\/\/www.europesays.com\/pt\/53905\/"},"modified":"2025-09-01T12:25:10","modified_gmt":"2025-09-01T12:25:10","slug":"sc-braga-perola-renova-e-fica-com-clausula-de-rescisao-astronomica","status":"publish","type":"post","link":"https:\/\/www.europesays.com\/pt\/53905\/","title":{"rendered":"SC Braga: p\u00e9rola renova e fica com cl\u00e1usula de rescis\u00e3o astron\u00f3mica"},"content":{"rendered":"<p>O novo v\u00ednculo entre as duas partes \u00e9 v\u00e1lido por cinco temporadas, ou seja, at\u00e9 junho de 2030. No acordo, refira-se, salta tamb\u00e9m \u00e0 vista o valor astron\u00f3mico da cl\u00e1usula de rescis\u00e3o e que demonstra bem a cren\u00e7a que o clube tem no jogador: \u20ac50 M.<\/p>\n<p>\u00abCom esta renova\u00e7\u00e3o, o <a target=\"_blank\" class=\"editor-link autolink-enabled\" href=\"https:\/\/www.abola.pt\/futebol\/sc-braga-457\" data-resource-id=\"457\" data-resource-type=\"team\" data-sport=\"football\" rel=\"nofollow noopener\">SC Braga<\/a> assegura a continuidade de uma das maiores promessas da sua academia, refor\u00e7ando a aposta no talento nacional e no desenvolvimento de jovens atletas que poder\u00e3o marcar o futuro do Clube\u00bb, pode ler-se no comunicado oficial emitido pelos arsenalistas.<\/p>\n<p>Natural de Lisboa, <a class=\"autolink-enabled\" data-resource-id=\"7925419\" data-resource-type=\"player\" data-sport=\"football\" href=\"https:\/\/www.abola.pt\/futebol\/jogador\/sandro-vidigal-7925419\" rel=\"nofollow noopener\" target=\"_blank\">Sandro Vidigal<\/a> iniciou o seu percurso de forma\u00e7\u00e3o pelo Futebol Benfica, tendo depois passado pelo <a class=\"autolink-enabled\" data-resource-id=\"24794\" data-resource-type=\"team\" data-sport=\"football\" href=\"https:\/\/www.abola.pt\/futebol\/belenenses-24794\" rel=\"nofollow noopener\" target=\"_blank\">Belenenses<\/a> antes de rumar ao <a class=\"autolink-enabled\" data-resource-id=\"457\" data-resource-type=\"team\" data-sport=\"football\" href=\"https:\/\/www.abola.pt\/futebol\/sc-braga-457\" rel=\"nofollow noopener\" target=\"_blank\">SC Braga<\/a>, na \u00e9poca 2022\/2023. Foi-se destacando nos v\u00e1rios patamares competitivos dos guerreiros do Minho e esta temporada tem estado a brilhar na equipa principal, pela qual soma j\u00e1 cinco jogos, um golo e duas assist\u00eancias.<\/p>\n<p>O primeiro tento que apontou na elite bracarense foi na passada quinta-feira, aquando da goleada (5-1) imposta ao <a class=\"autolink-enabled\" data-resource-id=\"1000\" data-resource-type=\"team\" data-sport=\"football\" href=\"https:\/\/www.abola.pt\/futebol\/lincoln-red-imps-1000\" rel=\"nofollow noopener\" target=\"_blank\">Lincoln Red Imps<\/a>, em partida relativa \u00e0 segunda m\u00e3o do play-off da <a class=\"autolink-enabled\" data-resource-id=\"756\" data-resource-type=\"competition\" data-sport=\"football\" href=\"https:\/\/www.abola.pt\/futebol\/competicao\/uefa-europa-league-qualificacao-756\" rel=\"nofollow noopener\" target=\"_blank\">UEFA Europa League<\/a> e que confirmou o apuramento do <a class=\"autolink-enabled\" data-resource-id=\"457\" data-resource-type=\"team\" data-sport=\"football\" href=\"https:\/\/www.abola.pt\/futebol\/sc-braga-457\" rel=\"nofollow noopener\" target=\"_blank\">SC Braga<\/a> para a fase de liga.<\/p>\n","protected":false},"excerpt":{"rendered":"O novo v\u00ednculo entre as duas partes \u00e9 v\u00e1lido por cinco temporadas, ou seja, at\u00e9 junho de 2030.&hellip;\n","protected":false},"author":2,"featured_media":53906,"comment_status":"","ping_status":"","sticky":false,"template":"","format":"standard","meta":{"footnotes":""},"categories":[8],"tags":[27,28,15,16,14,25,26,21,22,12,13,19,20,32,23,24,33,17,18,29,30,31],"class_list":{"0":"post-53905","1":"post","2":"type-post","3":"status-publish","4":"format-standard","5":"has-post-thumbnail","7":"category-principais-noticias","8":"tag-breaking-news","9":"tag-breakingnews","10":"tag-featured-news","11":"tag-featurednews","12":"tag-headlines","13":"tag-latest-news","14":"tag-latestnews","15":"tag-main-news","16":"tag-mainnews","17":"tag-news","18":"tag-noticias","19":"tag-noticias-principais","20":"tag-noticiasprincipais","21":"tag-portugal","22":"tag-principais-noticias","23":"tag-principaisnoticias","24":"tag-pt","25":"tag-top-stories","26":"tag-topstories","27":"tag-ultimas","28":"tag-ultimas-noticias","29":"tag-ultimasnoticias"},"share_on_mastodon":{"url":"","error":""},"_links":{"self":[{"href":"https:\/\/www.europesays.com\/pt\/wp-json\/wp\/v2\/posts\/53905","targetHints":{"allow":["GET"]}}],"collection":[{"href":"https:\/\/www.europesays.com\/pt\/wp-json\/wp\/v2\/posts"}],"about":[{"href":"https:\/\/www.europesays.com\/pt\/wp-json\/wp\/v2\/types\/post"}],"author":[{"embeddable":true,"href":"https:\/\/www.europesays.com\/pt\/wp-json\/wp\/v2\/users\/2"}],"replies":[{"embeddable":true,"href":"https:\/\/www.europesays.com\/pt\/wp-json\/wp\/v2\/comments?post=53905"}],"version-history":[{"count":0,"href":"https:\/\/www.europesays.com\/pt\/wp-json\/wp\/v2\/posts\/53905\/revisions"}],"wp:featuredmedia":[{"embeddable":true,"href":"https:\/\/www.europesays.com\/pt\/wp-json\/wp\/v2\/media\/53906"}],"wp:attachment":[{"href":"https:\/\/www.europesays.com\/pt\/wp-json\/wp\/v2\/media?parent=53905"}],"wp:term":[{"taxonomy":"category","embeddable":true,"href":"https:\/\/www.europesays.com\/pt\/wp-json\/wp\/v2\/categories?post=53905"},{"taxonomy":"post_tag","embeddable":true,"href":"https:\/\/www.europesays.com\/pt\/wp-json\/wp\/v2\/tags?post=53905"}],"curies":[{"name":"wp","href":"https:\/\/api.w.org\/{rel}","templated":true}]}}