{"id":53913,"date":"2025-09-01T12:33:19","date_gmt":"2025-09-01T12:33:19","guid":{"rendered":"https:\/\/www.europesays.com\/pt\/53913\/"},"modified":"2025-09-01T12:33:19","modified_gmt":"2025-09-01T12:33:19","slug":"comportamento-de-virus-inspira-nova-forma-de-tratar-inflamacoes-nos-pulmoes-jornal-da-usp","status":"publish","type":"post","link":"https:\/\/www.europesays.com\/pt\/53913\/","title":{"rendered":"Comportamento de v\u00edrus inspira nova forma de tratar inflama\u00e7\u00f5es nos pulm\u00f5es \u2013 Jornal da USP"},"content":{"rendered":"<p>\u201cUma forma de contornar esse problema \u00e9 prolongar o tratamento ou aumentar a dose do medicamento. No entanto, isso eleva o risco de efeitos colaterais e pode sobrecarregar outros \u00f3rg\u00e3os, como f\u00edgado e rins \u2014 especialmente em tratamentos mais longos\u201d, avisa o cientista. J\u00e1 a inova\u00e7\u00e3o que criaram usa nanopart\u00edculas lip\u00eddicas que podem ser administradas por nebuliza\u00e7\u00e3o e, como foi projetada para imitar o comportamento dos v\u00edrus respirat\u00f3rios, consegue atravessar o sistema de defesa natural dos pulm\u00f5es.\u00a0<\/p>\n<p>As nanopart\u00edculas lip\u00eddicas s\u00e3o estruturas min\u00fasculas feitas \u00e0 base de gordura \u2014 t\u00e3o pequenas que podem ser at\u00e9 mil vezes menores que o di\u00e2metro de um fio de cabelo humano. Dentro delas, os cientistas colocaram bromexina, um medicamento j\u00e1 conhecido e usado como expectorante que ajuda a dissolver o muco e aliviar a tosse.<\/p>\n<p>Quando inaladas, essas nanopart\u00edculas chegam diretamente ao sistema respirat\u00f3rio e entram em contato com o muco, que \u00e9 a principal barreira de prote\u00e7\u00e3o dos pulm\u00f5es. Nesse momento, elas reproduzem o mesmo \u201ccaminho\u201d que os v\u00edrus usam para atravessar essa barreira e atingir as c\u00e9lulas do pulm\u00e3o \u2014 o que aumenta a efici\u00eancia do tratamento.<\/p>\n<p>Trata-se de uma abordagem in\u00e9dita para aumentar a efic\u00e1cia do tratamento de doen\u00e7as do sistema respirat\u00f3rio pela via pulmonar. \u201cAo serem administradas diretamente nos pulm\u00f5es, as nanopart\u00edculas precisam superar as barreiras naturais de defesa das vias a\u00e9reas: a camada de muco (que recobre as c\u00e9lulas e aprisiona organismos invasores) e o movimento ciliar das c\u00e9lulas pulmonares (promovido por pequenos \u2018pelos\u2019 presentes no topo das c\u00e9lulas que batem ritmicamente e varrem os invasores para fora das vias a\u00e9reas)\u201d, informa o pesquisador.<\/p>\n<p>Para quebrar essa liga\u00e7\u00e3o com o muco e se livrar do movimento ciliar, os v\u00edrus respirat\u00f3rios possuem prote\u00ednas em sua superf\u00edcie. Assim, n\u00e3o s\u00e3o aprisionados nem varridos para fora das vias a\u00e9reas. \u201cCom essas prote\u00ednas, os v\u00edrus conseguem \u2018rolar\u2019 entre as mucinas, as principais mol\u00e9culas que formam o muco, e alcan\u00e7ar as c\u00e9lulas\u201d, continua Martins.\u00a0<\/p>\n<p>Inspirado nessas caracter\u00edsticas dos v\u00edrus, as nanopart\u00edculas lip\u00eddicas contendo bromexina tamb\u00e9m vencem o obst\u00e1culo do muco, pois se ligam e quebram as liga\u00e7\u00f5es com as mucinas e, consequentemente, conseguem adentrar as c\u00e9lulas pulmonares. O pesquisador acredita que imitar caracter\u00edsticas dos v\u00edrus em estruturas nanom\u00e9tricas \u00e9 uma estrat\u00e9gia inteligente. \u201cEssa abordagem ajuda a controlar melhor o comportamento das nanopart\u00edculas no corpo, al\u00e9m de aumentar a precis\u00e3o e a efic\u00e1cia dos tratamentos para diversas doen\u00e7as\u201d, afirma.<\/p>\n","protected":false},"excerpt":{"rendered":"\u201cUma forma de contornar esse problema \u00e9 prolongar o tratamento ou aumentar a dose do medicamento. No entanto,&hellip;\n","protected":false},"author":2,"featured_media":53914,"comment_status":"","ping_status":"","sticky":false,"template":"","format":"standard","meta":{"footnotes":""},"categories":[86],"tags":[116,32,33,117],"class_list":{"0":"post-53913","1":"post","2":"type-post","3":"status-publish","4":"format-standard","5":"has-post-thumbnail","7":"category-saude","8":"tag-health","9":"tag-portugal","10":"tag-pt","11":"tag-saude"},"share_on_mastodon":{"url":"","error":""},"_links":{"self":[{"href":"https:\/\/www.europesays.com\/pt\/wp-json\/wp\/v2\/posts\/53913","targetHints":{"allow":["GET"]}}],"collection":[{"href":"https:\/\/www.europesays.com\/pt\/wp-json\/wp\/v2\/posts"}],"about":[{"href":"https:\/\/www.europesays.com\/pt\/wp-json\/wp\/v2\/types\/post"}],"author":[{"embeddable":true,"href":"https:\/\/www.europesays.com\/pt\/wp-json\/wp\/v2\/users\/2"}],"replies":[{"embeddable":true,"href":"https:\/\/www.europesays.com\/pt\/wp-json\/wp\/v2\/comments?post=53913"}],"version-history":[{"count":0,"href":"https:\/\/www.europesays.com\/pt\/wp-json\/wp\/v2\/posts\/53913\/revisions"}],"wp:featuredmedia":[{"embeddable":true,"href":"https:\/\/www.europesays.com\/pt\/wp-json\/wp\/v2\/media\/53914"}],"wp:attachment":[{"href":"https:\/\/www.europesays.com\/pt\/wp-json\/wp\/v2\/media?parent=53913"}],"wp:term":[{"taxonomy":"category","embeddable":true,"href":"https:\/\/www.europesays.com\/pt\/wp-json\/wp\/v2\/categories?post=53913"},{"taxonomy":"post_tag","embeddable":true,"href":"https:\/\/www.europesays.com\/pt\/wp-json\/wp\/v2\/tags?post=53913"}],"curies":[{"name":"wp","href":"https:\/\/api.w.org\/{rel}","templated":true}]}}