{"id":53919,"date":"2025-09-01T12:37:46","date_gmt":"2025-09-01T12:37:46","guid":{"rendered":"https:\/\/www.europesays.com\/pt\/53919\/"},"modified":"2025-09-01T12:37:46","modified_gmt":"2025-09-01T12:37:46","slug":"irao-condena-ataque-atroz-de-israel-que-matou-primeiro-ministro-houthi-do-iemen-medio-oriente","status":"publish","type":"post","link":"https:\/\/www.europesays.com\/pt\/53919\/","title":{"rendered":"Ir\u00e3o condena \u201cataque atroz\u201d de Israel que matou primeiro-ministro houthi do I\u00e9men | M\u00e9dio Oriente"},"content":{"rendered":"<p>O Ir\u00e3o condenou este domingo o \u201cataque atroz\u201d de Israel contra o I\u00e9men, do qual resultou a <a href=\"https:\/\/www.publico.pt\/2025\/08\/30\/mundo\/noticia\/ataque-israelita-mata-primeiroministro-ministros-governo-houthis-iemen-2145491\" target=\"_blank\" rel=\"nofollow noopener\">morte do primeiro-ministro<\/a> do governo controlado pelo grupo rebelde houthi, Ahmed al-Rahawi, e de v\u00e1rios dos seus ministros.<\/p>\n<p>Teer\u00e3o instou, tamb\u00e9m, a comunidade internacional a agir com urg\u00eancia para travar a \u201cconduta beligerante\u201d do Estado judaico.<\/p>\n<p>\u201cO ataque atroz do regime sionista contra infra-estruturas e zonas residenciais do I\u00e9men e o assassinato de respons\u00e1veis de topo e cidad\u00e3os inocentes constitui um claro crime de guerra e contra a humanidade\u201d, denunciou o Minist\u00e9rio dos Neg\u00f3cios Estrangeiros iraniano em comunicado.<\/p>\n<p>O Ir\u00e3o classificou como \u201cac\u00e7\u00e3o terrorista\u201d o ataque israelita da \u00faltima quinta-feira contra uma instala\u00e7\u00e3o que abrigava dezenas de membros de topo da lideran\u00e7a dos houthis na capital iemenita, Sanaa, no qual morreram o primeiro-ministro rebelde e v\u00e1rios membros do seu gabinete.<\/p>\n<p>Perante esta ac\u00e7\u00e3o, Teer\u00e3o alertou para as crescentes amea\u00e7as que a \u201cexpans\u00e3o e o terrorismo organizado\u201d israelita representam para a paz e a seguran\u00e7a internacionais, e exigiu uma resposta s\u00e9ria por parte da comunidade internacional e dos pa\u00edses mu\u00e7ulmanos para \u201ctravar a conduta beligerante\u201d de <a href=\"https:\/\/www.publico.pt\/2025\/08\/24\/mundo\/noticia\/israel-ataca-capital-iemen-resposta-houthis-2144821\" target=\"_blank\" rel=\"nofollow noopener\">Israel<\/a>.<\/p>\n<p>\u201cO Conselho de Seguran\u00e7a da ONU e todos os Estados-membros t\u00eam a responsabilidade de agir urgentemente para deter as ac\u00e7\u00f5es b\u00e9licas do regime ocupante e exigir responsabilidades aos seus l\u00edderes criminosos\u201d, sublinhou o Minist\u00e9rio dos Neg\u00f3cios Estrangeiros iraniano.<\/p>\n<p>Os houthis do I\u00e9men, que lan\u00e7am frequentemente m\u00edsseis bal\u00edsticos e drones contra Israel e contra <a href=\"https:\/\/www.publico.pt\/2025\/04\/30\/mundo\/noticia\/reino-unido-bombardeia-houthis-iemen-acao-conjunta-eua-2131457\" target=\"_blank\" rel=\"nofollow noopener\">navios no mar Vermelho<\/a>, que descrevem como actos de solidariedade face ao \u201cmassacre\u201d em Gaza, fazem parte da alian\u00e7a informal anti-Israel conhecida como \u201cEixo da Resist\u00eancia\u201d, que tamb\u00e9m integra os palestinianos do Hamas, o Hezbollah do L\u00edbano e v\u00e1rias mil\u00edcias lideradas por Teer\u00e3o.<\/p>\n<p>Em resposta a esses ataques, a For\u00e7a A\u00e9rea israelita bombardeou alvos em Sanaa e noutras \u00e1reas do I\u00e9men.<\/p>\n<p>Os confrontos come\u00e7aram ap\u00f3s o in\u00edcio da guerra na Faixa de Gaza, desencadeada pelos ataques do Hamas no dia 7 de Outubro de 2023, e continuaram, apesar do cessar-fogo, alcan\u00e7ado em Maio, entre os houthis e os Estados Unidos, principal aliado de Israel.<\/p>\n","protected":false},"excerpt":{"rendered":"O Ir\u00e3o condenou este domingo o \u201cataque atroz\u201d de Israel contra o I\u00e9men, do qual resultou a morte&hellip;\n","protected":false},"author":2,"featured_media":53920,"comment_status":"","ping_status":"","sticky":false,"template":"","format":"standard","meta":{"footnotes":""},"categories":[50],"tags":[27,28,15,16,14,6400,5453,259,25,26,21,22,432,62,12,13,19,20,23,24,17,18,29,30,31,63,64,65],"class_list":{"0":"post-53919","1":"post","2":"type-post","3":"status-publish","4":"format-standard","5":"has-post-thumbnail","7":"category-mundo","8":"tag-breaking-news","9":"tag-breakingnews","10":"tag-featured-news","11":"tag-featurednews","12":"tag-headlines","13":"tag-iemen","14":"tag-irao","15":"tag-israel","16":"tag-latest-news","17":"tag-latestnews","18":"tag-main-news","19":"tag-mainnews","20":"tag-medio-oriente","21":"tag-mundo","22":"tag-news","23":"tag-noticias","24":"tag-noticias-principais","25":"tag-noticiasprincipais","26":"tag-principais-noticias","27":"tag-principaisnoticias","28":"tag-top-stories","29":"tag-topstories","30":"tag-ultimas","31":"tag-ultimas-noticias","32":"tag-ultimasnoticias","33":"tag-world","34":"tag-world-news","35":"tag-worldnews"},"share_on_mastodon":{"url":"","error":""},"_links":{"self":[{"href":"https:\/\/www.europesays.com\/pt\/wp-json\/wp\/v2\/posts\/53919","targetHints":{"allow":["GET"]}}],"collection":[{"href":"https:\/\/www.europesays.com\/pt\/wp-json\/wp\/v2\/posts"}],"about":[{"href":"https:\/\/www.europesays.com\/pt\/wp-json\/wp\/v2\/types\/post"}],"author":[{"embeddable":true,"href":"https:\/\/www.europesays.com\/pt\/wp-json\/wp\/v2\/users\/2"}],"replies":[{"embeddable":true,"href":"https:\/\/www.europesays.com\/pt\/wp-json\/wp\/v2\/comments?post=53919"}],"version-history":[{"count":0,"href":"https:\/\/www.europesays.com\/pt\/wp-json\/wp\/v2\/posts\/53919\/revisions"}],"wp:featuredmedia":[{"embeddable":true,"href":"https:\/\/www.europesays.com\/pt\/wp-json\/wp\/v2\/media\/53920"}],"wp:attachment":[{"href":"https:\/\/www.europesays.com\/pt\/wp-json\/wp\/v2\/media?parent=53919"}],"wp:term":[{"taxonomy":"category","embeddable":true,"href":"https:\/\/www.europesays.com\/pt\/wp-json\/wp\/v2\/categories?post=53919"},{"taxonomy":"post_tag","embeddable":true,"href":"https:\/\/www.europesays.com\/pt\/wp-json\/wp\/v2\/tags?post=53919"}],"curies":[{"name":"wp","href":"https:\/\/api.w.org\/{rel}","templated":true}]}}