{"id":53923,"date":"2025-09-01T12:39:07","date_gmt":"2025-09-01T12:39:07","guid":{"rendered":"https:\/\/www.europesays.com\/pt\/53923\/"},"modified":"2025-09-01T12:39:07","modified_gmt":"2025-09-01T12:39:07","slug":"manchester-united-de-ruben-amorim-fecha-guarda-redes-por-21-milhoes-de-euros","status":"publish","type":"post","link":"https:\/\/www.europesays.com\/pt\/53923\/","title":{"rendered":"Manchester United de Ruben Amorim fecha guarda-redes por 21 milh\u00f5es de euros"},"content":{"rendered":"<p>O Manchester United j\u00e1 tem acordo total com o Royal Antu\u00e9rpia para a contrata\u00e7\u00e3o de Senne Lammens, garante o The Athletic e confirma Fabrizio Romano. A mesma fonte refere que trata-se de um neg\u00f3cio de 21 milh\u00f5es de euros mais vari\u00e1veis, sem cl\u00e1usula de futura venda. A mudan\u00e7a vai mesmo acontecer.<\/p>\n<p>Senne Lammens est\u00e1 neste momento a viajar para Inglaterra no sentido de refor\u00e7ar o Manchester United de Ruben Amorim e assinar um contrato de cinco temporadas at\u00e9 ao ver\u00e3o de 2030. O TEAMtalk informa assim que cai a hip\u00f3tese <a href=\"https:\/\/bolanarede.pt\/especial-bola-na-rede\/atualidade\/atencao-manchester-united-de-ruben-amorim-ja-tem-acordo-com-emiliano-martinez\/\" target=\"_blank\" rel=\"noreferrer noopener nofollow\">Emiliano Mart\u00ednez, apesar de j\u00e1 ter chegado a acordo com o Manchester United.<\/a><\/p>\n<p>O <a href=\"https:\/\/bolanarede.pt\/especial-bola-na-rede\/atualidade\/aguas-agitadas-aston-villa-faz-proposta-por-alvo-do-manchester-united-de-ruben-amorim\/\" target=\"_blank\" rel=\"noreferrer noopener nofollow\">Aston Villa tamb\u00e9m apresentou uma proposta por Senne Lammens<\/a>, mas o Manchester United ganhou mesmo a corrida pela contrata\u00e7\u00e3o do guarda-redes belga neste mercado de ver\u00e3o.<\/p>\n","protected":false},"excerpt":{"rendered":"O Manchester United j\u00e1 tem acordo total com o Royal Antu\u00e9rpia para a contrata\u00e7\u00e3o de Senne Lammens, garante&hellip;\n","protected":false},"author":2,"featured_media":53924,"comment_status":"","ping_status":"","sticky":false,"template":"","format":"standard","meta":{"footnotes":""},"categories":[8],"tags":[260,27,28,478,15,16,14,25,26,21,22,663,12,13,19,20,32,666,23,24,33,12368,12369,17,18,29,30,31],"class_list":{"0":"post-53923","1":"post","2":"type-post","3":"status-publish","4":"format-standard","5":"has-post-thumbnail","7":"category-principais-noticias","8":"tag-atualidade","9":"tag-breaking-news","10":"tag-breakingnews","11":"tag-destaques-bnr","12":"tag-featured-news","13":"tag-featurednews","14":"tag-headlines","15":"tag-latest-news","16":"tag-latestnews","17":"tag-main-news","18":"tag-mainnews","19":"tag-manchester-united","20":"tag-news","21":"tag-noticias","22":"tag-noticias-principais","23":"tag-noticiasprincipais","24":"tag-portugal","25":"tag-premier-league","26":"tag-principais-noticias","27":"tag-principaisnoticias","28":"tag-pt","29":"tag-royal-antuerpia","30":"tag-senne-lammens","31":"tag-top-stories","32":"tag-topstories","33":"tag-ultimas","34":"tag-ultimas-noticias","35":"tag-ultimasnoticias"},"share_on_mastodon":{"url":"","error":""},"_links":{"self":[{"href":"https:\/\/www.europesays.com\/pt\/wp-json\/wp\/v2\/posts\/53923","targetHints":{"allow":["GET"]}}],"collection":[{"href":"https:\/\/www.europesays.com\/pt\/wp-json\/wp\/v2\/posts"}],"about":[{"href":"https:\/\/www.europesays.com\/pt\/wp-json\/wp\/v2\/types\/post"}],"author":[{"embeddable":true,"href":"https:\/\/www.europesays.com\/pt\/wp-json\/wp\/v2\/users\/2"}],"replies":[{"embeddable":true,"href":"https:\/\/www.europesays.com\/pt\/wp-json\/wp\/v2\/comments?post=53923"}],"version-history":[{"count":0,"href":"https:\/\/www.europesays.com\/pt\/wp-json\/wp\/v2\/posts\/53923\/revisions"}],"wp:featuredmedia":[{"embeddable":true,"href":"https:\/\/www.europesays.com\/pt\/wp-json\/wp\/v2\/media\/53924"}],"wp:attachment":[{"href":"https:\/\/www.europesays.com\/pt\/wp-json\/wp\/v2\/media?parent=53923"}],"wp:term":[{"taxonomy":"category","embeddable":true,"href":"https:\/\/www.europesays.com\/pt\/wp-json\/wp\/v2\/categories?post=53923"},{"taxonomy":"post_tag","embeddable":true,"href":"https:\/\/www.europesays.com\/pt\/wp-json\/wp\/v2\/tags?post=53923"}],"curies":[{"name":"wp","href":"https:\/\/api.w.org\/{rel}","templated":true}]}}