{"id":53925,"date":"2025-09-01T12:40:11","date_gmt":"2025-09-01T12:40:11","guid":{"rendered":"https:\/\/www.europesays.com\/pt\/53925\/"},"modified":"2025-09-01T12:40:11","modified_gmt":"2025-09-01T12:40:11","slug":"claudia-raia-e-detonada-na-web-por-expor-filho-fantasiado-de-mulher-maravilha","status":"publish","type":"post","link":"https:\/\/www.europesays.com\/pt\/53925\/","title":{"rendered":"Claudia Raia \u00e9 detonada na web por expor filho fantasiado de Mulher-Maravilha"},"content":{"rendered":"<p>\n                        Atriz Claudia Raia publica v\u00eddeo de filho fantasiado de Mulher-Maravilha e \u00e9 criticada por suposto uso da imagem para engajamento\n                    <\/p>\n<p class=\"text\">A exposi\u00e7\u00e3o de crian\u00e7as nas redes sociais tem sido tema de debate no ambiente digital. Uma recente controv\u00e9rsia envolvendo a atriz <a href=\"https:\/\/www.terra.com.br\/tudo-sobre\/claudia-raia\" target=\"_self\" rel=\"nofollow noopener\">Claudia Raia<\/a> e seu filho <b>Luca<\/b> reacendeu a discuss\u00e3o. O epis\u00f3dio gerou cr\u00edticas e apoio nas plataformas digitais.<\/p>\n<p><img loading=\"lazy\" decoding=\"async\" alt=\"Claudia Raia \u00e9 detonada na web por expor filho fantasiado de Mulher\" class=\"img-ebccd2a32fbe894aec91efb46e4f4975gy858cw5\" height=\"435\" src=\"https:\/\/www.europesays.com\/pt\/wp-content\/uploads\/2025\/09\/147777362-claudia-raia-e-detonada-na-web-por-expor-filho-fantasiado-de-mulher-maravilha.png\"  title=\"Claudia Raia \u00e9 detonada na web por expor filho fantasiado de Mulher\" width=\"774\"\/><\/p>\n<p>Claudia Raia \u00e9 detonada na web por expor filho fantasiado de Mulher<\/p>\n<p>Foto: Maravilha \/ Contigo<\/p>\n<p class=\"text\">A atriz publicou um v\u00eddeo do filho, de 2 anos, fantasiado de Mulher-Maravilha. No registro, a crian\u00e7a explica que a fantasia serve para &#8220;se proteger dos inimigos&#8221;. Na legenda, <b>Claudia Raia<\/b> expressou apoio \u00e0 liberdade de express\u00e3o com a frase: &#8220;Eu sou todos os personagens que eu quiser! Hoje sou a Mulher-Maravilha!&#8221;.<\/p>\n<p class=\"text\">A publica\u00e7\u00e3o ganhou repercuss\u00e3o e gerou acusa\u00e7\u00f5es. Internautas disseram que a atriz usou a imagem do filho com fins ideol\u00f3gicos e para gerar engajamento: &#8220;Ela faz isso de prop\u00f3sito, para aparecer e criar pol\u00eamica do momento&#8221;, comentou um. &#8220;Usando o filho pra ganhar engajamento nas redes\u2026 coitada da crian\u00e7a.&#8221;, disse outro.<\/p>\n<p class=\"text\">No entanto, muitos seguidores sa\u00edram em defesa da artista. Eles elogiaram a naturalidade do momento e a atitude de <b>Claudia Raia<\/b>. O caso \u00e9 um exemplo da discuss\u00e3o que tem acontecido sobre os limites do uso da imagem de crian\u00e7as por figuras p\u00fablicas. Recentemente, um influenciador digital fez um compilado de den\u00fancias sobre o tema.<\/p>\n<blockquote class=\"instagram-media\" data-instgrm-captioned=\"\" data-instgrm-permalink=\"https:\/\/www.instagram.com\/reel\/DN-n5u8AEV_\/?utm_source=ig_embed&amp;utm_campaign=loading\" data-instgrm-version=\"14\" style=\"background: #FFF; border: 0; border-radius: 3px; box-shadow: 0 0 1px 0 rgba(0,0,0,0.5),0 1px 10px 0 rgba(0,0,0,0.15); margin: 1px; max-width: 540px; min-width: 326px; padding: 0; width: calc(100% - 2px);\">\n<p>     Ver essa foto no Instagram <\/p>\n<p class=\"text\" style=\"color: #c9c8cd; font-family: Arial,sans-serif; font-size: 14px; line-height: 17px; margin-bottom: 0; margin-top: 8px; overflow: hidden; padding: 8px 0 7px; text-align: center; text-overflow: ellipsis; white-space: nowrap;\"><a href=\"https:\/\/www.instagram.com\/reel\/DN-n5u8AEV_\/?utm_source=ig_embed&amp;utm_campaign=loading\" rel=\"noopener nofollow\" style=\"color: #c9c8cd; font-family: Arial,sans-serif; font-size: 14px; font-style: normal; font-weight: normal; line-height: 17px; text-decoration: none;\" target=\"_blank\">Uma publica\u00e7\u00e3o compartilhada por Sidney Pedroso \u2728 (@sidneypedroso)<\/a><\/p>\n<\/blockquote>\n<p>Filha de Claudia Raia se pronuncia sobre pol\u00eamica do vibrador com 12 anos: &#8216;Muito maior&#8217;<\/p>\n<p class=\"text\">Sophia Raia falou pela primeira vez desde que foi envolvida em uma pol\u00eamica com sua m\u00e3e, Claudia Raia. \u00c9 que a veterana revelou ter dado o primeiro vibrador para a filha quando ele tinha apenas 12 anos e causou revolta nas redes sociais.<\/p>\n<p class=\"text\">Durante o Carnaval, a herdeira da atriz foi questionada por uma rep\u00f3rter do portal Leo Dias sobre o assunto e contou como se sente ao se ver no meio dos holofotes. Para a jovem, a simbologia do presente na pr\u00e9-adolesc\u00eancia foi muito maior do que a repercuss\u00e3o do tema.<\/p>\n<p>                            <script async src=\"\/\/www.instagram.com\/embed.js\"><\/script><\/p>\n","protected":false},"excerpt":{"rendered":"Atriz Claudia Raia publica v\u00eddeo de filho fantasiado de Mulher-Maravilha e \u00e9 criticada por suposto uso da imagem&hellip;\n","protected":false},"author":2,"featured_media":53926,"comment_status":"","ping_status":"","sticky":false,"template":"","format":"standard","meta":{"footnotes":""},"categories":[145],"tags":[211,210,114,115,32,33],"class_list":{"0":"post-53925","1":"post","2":"type-post","3":"status-publish","4":"format-standard","5":"has-post-thumbnail","7":"category-celebridades","8":"tag-celebridades","9":"tag-celebrities","10":"tag-entertainment","11":"tag-entretenimento","12":"tag-portugal","13":"tag-pt"},"share_on_mastodon":{"url":"","error":""},"_links":{"self":[{"href":"https:\/\/www.europesays.com\/pt\/wp-json\/wp\/v2\/posts\/53925","targetHints":{"allow":["GET"]}}],"collection":[{"href":"https:\/\/www.europesays.com\/pt\/wp-json\/wp\/v2\/posts"}],"about":[{"href":"https:\/\/www.europesays.com\/pt\/wp-json\/wp\/v2\/types\/post"}],"author":[{"embeddable":true,"href":"https:\/\/www.europesays.com\/pt\/wp-json\/wp\/v2\/users\/2"}],"replies":[{"embeddable":true,"href":"https:\/\/www.europesays.com\/pt\/wp-json\/wp\/v2\/comments?post=53925"}],"version-history":[{"count":0,"href":"https:\/\/www.europesays.com\/pt\/wp-json\/wp\/v2\/posts\/53925\/revisions"}],"wp:featuredmedia":[{"embeddable":true,"href":"https:\/\/www.europesays.com\/pt\/wp-json\/wp\/v2\/media\/53926"}],"wp:attachment":[{"href":"https:\/\/www.europesays.com\/pt\/wp-json\/wp\/v2\/media?parent=53925"}],"wp:term":[{"taxonomy":"category","embeddable":true,"href":"https:\/\/www.europesays.com\/pt\/wp-json\/wp\/v2\/categories?post=53925"},{"taxonomy":"post_tag","embeddable":true,"href":"https:\/\/www.europesays.com\/pt\/wp-json\/wp\/v2\/tags?post=53925"}],"curies":[{"name":"wp","href":"https:\/\/api.w.org\/{rel}","templated":true}]}}