{"id":53927,"date":"2025-09-01T12:42:09","date_gmt":"2025-09-01T12:42:09","guid":{"rendered":"https:\/\/www.europesays.com\/pt\/53927\/"},"modified":"2025-09-01T12:42:09","modified_gmt":"2025-09-01T12:42:09","slug":"novo-livro-cafe-com-deus-pai-sera-lancado-em-evento-exclusivo-em-alphaville","status":"publish","type":"post","link":"https:\/\/www.europesays.com\/pt\/53927\/","title":{"rendered":"Novo livro &#8220;Caf\u00e9 com Deus Pai&#8221; ser\u00e1 lan\u00e7ado em evento exclusivo em Alphaville"},"content":{"rendered":"<p>&#8220;N\u00e3o escrevo para entreter. Escrevo para lembrar que ningu\u00e9m est\u00e1 sozinho. Cada por\u00e7\u00e3o \u00e9 um lembrete do amor de Deus, mesmo nos dias mais dif\u00edceis&#8221;, afirma o autor.<\/p>\n<p><strong data-redactor-tag=\"strong\">Servi\u00e7o<\/strong><br \/>Lan\u00e7amento do livro Caf\u00e9 com Deus Pai \u2013 edi\u00e7\u00e3o 2026<br \/>Data: 13 de setembro de 2025 (s\u00e1bado)<br \/>Hor\u00e1rio: 19h<br \/>Local: Casa de Destino, Alphaville (Alameda Xingu, 926)<br \/>Inscri\u00e7\u00e3o: Link dispon\u00edvel na Bio do Instagram @cafecomdeuspai<\/p>\n","protected":false},"excerpt":{"rendered":"&#8220;N\u00e3o escrevo para entreter. Escrevo para lembrar que ningu\u00e9m est\u00e1 sozinho. Cada por\u00e7\u00e3o \u00e9 um lembrete do amor&hellip;\n","protected":false},"author":2,"featured_media":53928,"comment_status":"","ping_status":"","sticky":false,"template":"","format":"standard","meta":{"footnotes":""},"categories":[143],"tags":[15609,4647,169,15608,15611,15610,114,115,271,15612,170,32,33],"class_list":{"0":"post-53927","1":"post","2":"type-post","3":"status-publish","4":"format-standard","5":"has-post-thumbnail","7":"category-livros","8":"tag-alphaville","9":"tag-autor","10":"tag-books","11":"tag-caderno-a","12":"tag-cafe-com-deus-pai","13":"tag-casa-destino","14":"tag-entertainment","15":"tag-entretenimento","16":"tag-lancamento","17":"tag-leitores","18":"tag-livros","19":"tag-portugal","20":"tag-pt"},"share_on_mastodon":{"url":"","error":""},"_links":{"self":[{"href":"https:\/\/www.europesays.com\/pt\/wp-json\/wp\/v2\/posts\/53927","targetHints":{"allow":["GET"]}}],"collection":[{"href":"https:\/\/www.europesays.com\/pt\/wp-json\/wp\/v2\/posts"}],"about":[{"href":"https:\/\/www.europesays.com\/pt\/wp-json\/wp\/v2\/types\/post"}],"author":[{"embeddable":true,"href":"https:\/\/www.europesays.com\/pt\/wp-json\/wp\/v2\/users\/2"}],"replies":[{"embeddable":true,"href":"https:\/\/www.europesays.com\/pt\/wp-json\/wp\/v2\/comments?post=53927"}],"version-history":[{"count":0,"href":"https:\/\/www.europesays.com\/pt\/wp-json\/wp\/v2\/posts\/53927\/revisions"}],"wp:featuredmedia":[{"embeddable":true,"href":"https:\/\/www.europesays.com\/pt\/wp-json\/wp\/v2\/media\/53928"}],"wp:attachment":[{"href":"https:\/\/www.europesays.com\/pt\/wp-json\/wp\/v2\/media?parent=53927"}],"wp:term":[{"taxonomy":"category","embeddable":true,"href":"https:\/\/www.europesays.com\/pt\/wp-json\/wp\/v2\/categories?post=53927"},{"taxonomy":"post_tag","embeddable":true,"href":"https:\/\/www.europesays.com\/pt\/wp-json\/wp\/v2\/tags?post=53927"}],"curies":[{"name":"wp","href":"https:\/\/api.w.org\/{rel}","templated":true}]}}