{"id":53982,"date":"2025-09-01T13:34:08","date_gmt":"2025-09-01T13:34:08","guid":{"rendered":"https:\/\/www.europesays.com\/pt\/53982\/"},"modified":"2025-09-01T13:34:08","modified_gmt":"2025-09-01T13:34:08","slug":"projeto-crfce-em-cores-setembro-2025-crf-ce","status":"publish","type":"post","link":"https:\/\/www.europesays.com\/pt\/53982\/","title":{"rendered":"Projeto CRFCE em Cores \u2013 Setembro 2025 \u2013 CRF-CE"},"content":{"rendered":"<p><img fetchpriority=\"high\" decoding=\"async\" width=\"819\" height=\"1024\" data-attachment-id=\"36821\" data-permalink=\"https:\/\/crfce.org.br\/2025\/09\/01\/projeto-crfce-em-cores-setembro-2025\/setembro-em-cores\/\" data-orig-file=\"https:\/\/crfce.org.br\/wp-content\/uploads\/2025\/08\/Setembro-em-Cores.png\" data-orig-size=\"1080,1350\" data-comments-opened=\"1\" data-image-meta=\"{&quot;aperture&quot;:&quot;0&quot;,&quot;credit&quot;:&quot;&quot;,&quot;camera&quot;:&quot;&quot;,&quot;caption&quot;:&quot;&quot;,&quot;created_timestamp&quot;:&quot;0&quot;,&quot;copyright&quot;:&quot;&quot;,&quot;focal_length&quot;:&quot;0&quot;,&quot;iso&quot;:&quot;0&quot;,&quot;shutter_speed&quot;:&quot;0&quot;,&quot;title&quot;:&quot;&quot;,&quot;orientation&quot;:&quot;0&quot;}\" data-image-title=\"Setembro em Cores\" data-image-description=\"\" data-image-caption=\"\" data-medium-file=\"https:\/\/crfce.org.br\/wp-content\/uploads\/2025\/08\/Setembro-em-Cores-240x300.png\" data-large-file=\"https:\/\/www.europesays.com\/pt\/wp-content\/uploads\/2025\/09\/Setembro-em-Cores-819x1024.png\" src=\"data:image\/svg+xml,%3Csvg%20xmlns=\" http:=\"\" alt=\"\" class=\"wp-image-36821\" style=\"width:400px\" data-lazy- data-lazy- data-lazy-src=\"https:\/\/www.europesays.com\/pt\/wp-content\/uploads\/2025\/09\/Setembro-em-Cores-819x1024.png\"\/><\/p>\n<p>Neste m\u00eas, o Conselho Regional de Farm\u00e1cia do Cear\u00e1 destaca importantes campanhas de sa\u00fade e cidadania, refor\u00e7ando o papel essencial do farmac\u00eautico na preven\u00e7\u00e3o, orienta\u00e7\u00e3o e cuidado com a popula\u00e7\u00e3o. <\/p>\n<p> Verde \u2013 Preven\u00e7\u00e3o do c\u00e2ncer de intestino | Conscientiza\u00e7\u00e3o da Doa\u00e7\u00e3o de \u00d3rg\u00e3os | Inclus\u00e3o social de pessoas com defici\u00eancia<br \/>Azul \u2013 Semana Internacional dos Surdos<br \/>Vermelho \u2013 Conscientiza\u00e7\u00e3o das doen\u00e7as cardiovasculares<br \/>Amarelo \u2013 Preven\u00e7\u00e3o ao suic\u00eddio (Setembro Amarelo)<br \/>Roxo \u2013 Conscientiza\u00e7\u00e3o sobre a fibrose c\u00edstica<\/p>\n<p>O farmac\u00eautico est\u00e1 presente em todas essas frentes, seja na promo\u00e7\u00e3o da sa\u00fade, no acolhimento, no uso seguro de medicamentos, na escuta qualificada e na orienta\u00e7\u00e3o da comunidade, sempre atuando para salvar vidas e transformar realidades. <\/p>\n<p>O CRF-CE refor\u00e7a seu compromisso em levar informa\u00e7\u00e3o, cuidado e inclus\u00e3o, porque cuidar da sa\u00fade \u00e9 tamb\u00e9m cuidar da vida em todas as suas cores.<\/p>\n<p>Like this:<\/p>\n<p>Like Loading&#8230;<\/p>\n<p><a class=\"sd-link-color\"\/><\/p>\n<p>\n\tRelacionado<\/p>\n","protected":false},"excerpt":{"rendered":"Neste m\u00eas, o Conselho Regional de Farm\u00e1cia do Cear\u00e1 destaca importantes campanhas de sa\u00fade e cidadania, refor\u00e7ando o&hellip;\n","protected":false},"author":2,"featured_media":53983,"comment_status":"","ping_status":"","sticky":false,"template":"","format":"standard","meta":{"footnotes":""},"categories":[86],"tags":[116,32,33,117],"class_list":{"0":"post-53982","1":"post","2":"type-post","3":"status-publish","4":"format-standard","5":"has-post-thumbnail","7":"category-saude","8":"tag-health","9":"tag-portugal","10":"tag-pt","11":"tag-saude"},"share_on_mastodon":{"url":"","error":""},"_links":{"self":[{"href":"https:\/\/www.europesays.com\/pt\/wp-json\/wp\/v2\/posts\/53982","targetHints":{"allow":["GET"]}}],"collection":[{"href":"https:\/\/www.europesays.com\/pt\/wp-json\/wp\/v2\/posts"}],"about":[{"href":"https:\/\/www.europesays.com\/pt\/wp-json\/wp\/v2\/types\/post"}],"author":[{"embeddable":true,"href":"https:\/\/www.europesays.com\/pt\/wp-json\/wp\/v2\/users\/2"}],"replies":[{"embeddable":true,"href":"https:\/\/www.europesays.com\/pt\/wp-json\/wp\/v2\/comments?post=53982"}],"version-history":[{"count":0,"href":"https:\/\/www.europesays.com\/pt\/wp-json\/wp\/v2\/posts\/53982\/revisions"}],"wp:featuredmedia":[{"embeddable":true,"href":"https:\/\/www.europesays.com\/pt\/wp-json\/wp\/v2\/media\/53983"}],"wp:attachment":[{"href":"https:\/\/www.europesays.com\/pt\/wp-json\/wp\/v2\/media?parent=53982"}],"wp:term":[{"taxonomy":"category","embeddable":true,"href":"https:\/\/www.europesays.com\/pt\/wp-json\/wp\/v2\/categories?post=53982"},{"taxonomy":"post_tag","embeddable":true,"href":"https:\/\/www.europesays.com\/pt\/wp-json\/wp\/v2\/tags?post=53982"}],"curies":[{"name":"wp","href":"https:\/\/api.w.org\/{rel}","templated":true}]}}