{"id":54132,"date":"2025-09-01T15:18:20","date_gmt":"2025-09-01T15:18:20","guid":{"rendered":"https:\/\/www.europesays.com\/pt\/54132\/"},"modified":"2025-09-01T15:18:20","modified_gmt":"2025-09-01T15:18:20","slug":"vem-ai-em-a-fazenda-julia-ja-decidiu-vai-abortar-novelas","status":"publish","type":"post","link":"https:\/\/www.europesays.com\/pt\/54132\/","title":{"rendered":"Vem a\u00ed em \u00abA Fazenda\u00bb: J\u00falia j\u00e1 decidiu&#8230; vai abortar &#8211; Novelas"},"content":{"rendered":"<p>Em \u00abA Fazenda\u00bb,\u00a0<a href=\"https:\/\/tvi.iol.pt\/novelas\/search?pagina=1&amp;pesquisa=kelly+bailey\" rel=\"nofollow noopener\" target=\"_blank\">J\u00falia (Kelly Bailey)<\/a>\u00a0diz chorosa a <a href=\"https:\/\/tvi.iol.pt\/novelas\/videos\/o-reenconto-emocionante-de-mafalda-e-eduardo\/677e95eb0cf23ab655363994\" wbo-id=\"51\" rel=\"nofollow noopener\" target=\"_blank\">Mafalda (In\u00eas Aguiar)<\/a>\u00a0que percebeu quando esteve com Alex que n\u00e3o pretende ter um filho dele, querendo v\u00ea-lo afastado da sua vida.<\/p>\n<p>J\u00falia diz a Mafalda que n\u00e3o consegue encarar o futuro tendo um filho de Alex por ele estar preso, mas por outro lado n\u00e3o quer desistir do seu filho como fez h\u00e1 sete anos. Mafalda aconselha-a a ponderar na sua decis\u00e3o por ainda estar a tempo de interromper a sua gravidez.<\/p>\n<p>J\u00falia conta a Mafalda que n\u00e3o teve coragem de contar a \u00a0<a href=\"https:\/\/tvi.iol.pt\/novelas\/videos\/a-fazenda-daniela-chama-julia-de-infiel-e-ary-perde-a-cabeca\/68a992bf0cf20ac1d5f35c3f\" target=\"_blank\" wbo-id=\"56\" rel=\"nofollow noopener\">Ary (Isaac Alfaiate)<\/a>\u00a0que est\u00e1 gr\u00e1vida de <a href=\"https:\/\/tvi.iol.pt\/novelas\/videos\/a-fazenda-alex-sofre-um-ataque\/68235ed30cf216cd3ad361d6\" wbo-id=\"53\" rel=\"nofollow noopener\" target=\"_blank\">Alex (Rodrigo Tom\u00e1s)<\/a>. Acaba por decidir que o melhor \u00e9 n\u00e3o ter aquele beb\u00e9.<\/p>\n<p>J\u00falia admite a Mafalda que queria ter aquele beb\u00e9 para provar que poderia ser uma boa m\u00e3e, mas que vai correr mal pelo pai da crian\u00e7a estar preso. Mafalda alerta-a que nesse caso ela ter\u00e1 de fazer o aborto em Lisboa por tal constituir crime em Angola.<\/p>\n<p>Recorde-se que J\u00falia tinha prometido n\u00e3o fazer tal coisa:<\/p>\n","protected":false},"excerpt":{"rendered":"Em \u00abA Fazenda\u00bb,\u00a0J\u00falia (Kelly Bailey)\u00a0diz chorosa a Mafalda (In\u00eas Aguiar)\u00a0que percebeu quando esteve com Alex que n\u00e3o pretende&hellip;\n","protected":false},"author":2,"featured_media":50474,"comment_status":"","ping_status":"","sticky":false,"template":"","format":"standard","meta":{"footnotes":""},"categories":[142],"tags":[657,160,166,114,115,157,167,720,164,2413,2411,724,161,158,165,159,32,33,156,163,151,162],"class_list":{"0":"post-54132","1":"post","2":"type-post","3":"status-publish","4":"format-standard","5":"has-post-thumbnail","7":"category-tv","8":"tag-a-fazenda","9":"tag-ana-guiomar","10":"tag-cristina-ferreira","11":"tag-entertainment","12":"tag-entretenimento","13":"tag-festa-e-festa","14":"tag-ficcao","15":"tag-ines-aguiar","16":"tag-jose-fidalgo","17":"tag-julia","18":"tag-kelly-bailey","19":"tag-mafalda","20":"tag-novelas","21":"tag-para-sempre","22":"tag-pedro-sousa","23":"tag-pedro-teixeira","24":"tag-portugal","25":"tag-pt","26":"tag-queridos-papas","27":"tag-tiago-teotonio-pereira","28":"tag-tv","29":"tag-tvi"},"share_on_mastodon":{"url":"","error":""},"_links":{"self":[{"href":"https:\/\/www.europesays.com\/pt\/wp-json\/wp\/v2\/posts\/54132","targetHints":{"allow":["GET"]}}],"collection":[{"href":"https:\/\/www.europesays.com\/pt\/wp-json\/wp\/v2\/posts"}],"about":[{"href":"https:\/\/www.europesays.com\/pt\/wp-json\/wp\/v2\/types\/post"}],"author":[{"embeddable":true,"href":"https:\/\/www.europesays.com\/pt\/wp-json\/wp\/v2\/users\/2"}],"replies":[{"embeddable":true,"href":"https:\/\/www.europesays.com\/pt\/wp-json\/wp\/v2\/comments?post=54132"}],"version-history":[{"count":0,"href":"https:\/\/www.europesays.com\/pt\/wp-json\/wp\/v2\/posts\/54132\/revisions"}],"wp:featuredmedia":[{"embeddable":true,"href":"https:\/\/www.europesays.com\/pt\/wp-json\/wp\/v2\/media\/50474"}],"wp:attachment":[{"href":"https:\/\/www.europesays.com\/pt\/wp-json\/wp\/v2\/media?parent=54132"}],"wp:term":[{"taxonomy":"category","embeddable":true,"href":"https:\/\/www.europesays.com\/pt\/wp-json\/wp\/v2\/categories?post=54132"},{"taxonomy":"post_tag","embeddable":true,"href":"https:\/\/www.europesays.com\/pt\/wp-json\/wp\/v2\/tags?post=54132"}],"curies":[{"name":"wp","href":"https:\/\/api.w.org\/{rel}","templated":true}]}}