{"id":54146,"date":"2025-09-01T15:27:35","date_gmt":"2025-09-01T15:27:35","guid":{"rendered":"https:\/\/www.europesays.com\/pt\/54146\/"},"modified":"2025-09-01T15:27:35","modified_gmt":"2025-09-01T15:27:35","slug":"varias-frentes-provocarao-chuva-e-havera-uma-montanha-russa-nas-temperaturas","status":"publish","type":"post","link":"https:\/\/www.europesays.com\/pt\/54146\/","title":{"rendered":"v\u00e1rias frentes provocar\u00e3o chuva e haver\u00e1 uma &#8220;montanha-russa&#8221; nas temperaturas"},"content":{"rendered":"<p> <img decoding=\"async\" fetchpriority=\"high\" src=\"https:\/\/www.europesays.com\/pt\/wp-content\/uploads\/2025\/09\/dailymotion-x9pr8co_1024.jpg\"  width=\"768\" height=\"432\" id=\"x9pr8co\"\/>  <\/p>\n<p>A primeira semana do outono climatol\u00f3gico em Portugal ser\u00e1 marcada por uma altern\u00e2ncia entre vales depression\u00e1rios e cristas. Prev\u00ea-se a coexist\u00eancia de condi\u00e7\u00f5es meteorol\u00f3gicas outonais sob a forma de frentes, vales depression\u00e1rios e temperaturas frescas no Norte e Centro, com a continuidade do ver\u00e3o no resto do pa\u00eds.<\/p>\n<p>    <img decoding=\"async\" fetchpriority=\"high\" src=\"https:\/\/www.europesays.com\/pt\/wp-content\/uploads\/2025\/09\/alfredo-graca.jpg\" alt=\"Alfredo Gra\u00e7a\" width=\"40\" height=\"40\"\/>    <a class=\"nombre text-hv\" href=\"https:\/\/www.tempo.pt\/autor\/alfredo-graca\/\" title=\"Alfredo Gra\u00e7a\" rel=\"nofollow noopener\" target=\"_blank\">Alfredo Gra\u00e7a<\/a>        31\/08\/2025 15:36   6 min   <\/p>\n<p>Est\u00e1 prestes a arrancar a <strong>semana<\/strong> que marcar\u00e1 a transi\u00e7\u00e3o entre o ver\u00e3o e o <strong>outono climatol\u00f3gico<\/strong>, estando \u00e0 vista uma <strong>&#8220;montanha-russa&#8221; das temperaturas e alguma precipita\u00e7\u00e3o<\/strong>. Na segunda-feira, 1 de setembro, um vale depression\u00e1rio atravessar\u00e1 o Golfo da Biscaia, mas os seus efeitos s\u00f3 se far\u00e3o sentir sob a forma de <strong>per\u00edodos de chuva fraca e dispersa nalguns locais das Regi\u00f5es Norte e Centro<\/strong>, sendo mais prov\u00e1veis e frequentes no<strong> Minho e Douro Litoral<\/strong>.<\/p>\n<p><strong> Na ter\u00e7a (2) e na quarta-feira (3) novas superf\u00edcies frontais associadas a outros vales depression\u00e1rios surgir\u00e3o pelo Noroeste<\/strong> de Portugal continental, gerando mais precipita\u00e7\u00e3o fraca, pontualmente moderada.<\/p>\n<p>Seja o primeiro a receber as previs\u00f5es gra\u00e7as ao <strong><a href=\"https:\/\/www.whatsapp.com\/channel\/0029VaxX6njIyPtRY4lOMd1b\" target=\"_blank\" rel=\"nofollow noopener\">nosso canal do WhatsApp<\/a><\/strong>. Siga-nos e ative as notifica\u00e7\u00f5es.<\/p>\n<p><strong>Em suma, na primeira metade da semana as temperaturas ter\u00e3o tend\u00eancia a descer, e na segunda metade ter\u00e3o tend\u00eancia a subir<\/strong>. No entanto, na reta final da semana (entre sexta, dia 5 e domingo, dia 7) prev\u00ea-se uma nova descida, seguida de uma nova subida, embora persista alguma incerteza neste cen\u00e1rio de oscila\u00e7\u00e3o t\u00e9rmica.<\/p>\n<p><strong>A precipita\u00e7\u00e3o ter\u00e1 uma distribui\u00e7\u00e3o irregular e desigual, concentrando-se tendencialmente no Noroeste do nosso pa\u00eds<\/strong>, ainda que possa surgir de maneira espor\u00e1dica noutras zonas mais a leste e a sul. As altas press\u00f5es est\u00e3o bem implantadas a sul, impedindo que a precipita\u00e7\u00e3o chegue \u00e0 maior parte da geografia.<\/p>\n<p> Apesar das exce\u00e7\u00f5es, o tempo seco tipicamente estival manter-se-\u00e1 na primeira semana de setembro<\/p>\n<p>De acordo com os mapas semanais de anomalias de precipita\u00e7\u00e3o do modelo ECMWF, utilizado pela Meteored como refer\u00eancia, a pr\u00f3xima semana ser\u00e1 seca ou normal para a esta\u00e7\u00e3o em grande parte do territ\u00f3rio portugu\u00eas. <strong>Apenas se registar\u00e3o anomalias de chuva ligeiramente positivas nos distritos de <a href=\"https:\/\/www.tempo.pt\/viana-do-castelo-provincia.htm\" data-mrf-recirculation=\"cuerpo_intext\" rel=\"nofollow noopener\" target=\"_blank\">Viana do Castelo<\/a>, <a href=\"https:\/\/www.tempo.pt\/braga-provincia.htm\" data-mrf-recirculation=\"cuerpo_intext\" rel=\"nofollow noopener\" target=\"_blank\">Braga<\/a>, <a href=\"https:\/\/www.tempo.pt\/porto-provincia.htm\" data-mrf-recirculation=\"cuerpo_intext\" rel=\"nofollow noopener\" target=\"_blank\">Porto<\/a>, Vila Real e algumas zonas dos distritos de Viseu e Aveiro<\/strong>. Isto implica que a precipita\u00e7\u00e3o ser\u00e1 localizada e que, na maior parte do pa\u00eds, a primeira semana de setembro d\u00ea continuidade ao tempo seco tipicamente veranil. <\/p>\n<p><img loading=\"lazy\" decoding=\"async\" fetchpriority=\"low\" class=\"lazy \" src=\"https:\/\/www.europesays.com\/pt\/wp-content\/uploads\/2025\/09\/tempo-em-portugal-na-proxima-semana-varias-frentes-provocarao-chuva-e-uma-montanha-russa-nas-tempera.png\"  width=\"768\" height=\"432\" alt=\"chuva Portugal\" title=\"chuva Portugal\" data-image=\"awob6ht9ye88\"\/>Para a primeira semana de setembro prev\u00ea-se uma acumula\u00e7\u00e3o significativa de precipita\u00e7\u00e3o nas regi\u00f5es situadas a oeste da Barreira de Condensa\u00e7\u00e3o.<\/p>\n<p>Como j\u00e1 foi referido &#8211; amanh\u00e3, segunda-feira 1 de setembro &#8211; esperam-se <strong>aguaceiros fracos e espor\u00e1dicos nas Regi\u00f5es Norte e Centro<\/strong>, sendo mais frequentes e tendencialmente <strong>localizados no Minho e Douro Litoral<\/strong>. <\/p>\n<p>Na ter\u00e7a (2) e na quarta-feira (3) prev\u00ea-se a incurs\u00e3o sucessiva de duas frentes, com a primeira a ser gerada por um vale depression\u00e1rio e a segunda associada a uma depress\u00e3o.<\/p>\n<p>Distribuir\u00e3o chuva fraca nos distritos supracitados (Viana do Castelo, Braga, Porto, Aveiro, Vila Real e Viseu), <strong>embora pontualmente moderada e mais frequente nas regi\u00f5es minhotas e na \u00c1rea Metropolitana do Porto<\/strong>. <\/p>\n<p>Deste modo, as regi\u00f5es situadas a oeste da Barreira de Condensa\u00e7\u00e3o ser\u00e3o as mais expostas \u00e0 chuva, mas <strong>isso n\u00e3o exclui a hip\u00f3tese de que muito esporadicamente a precipita\u00e7\u00e3o surja noutros locais do Norte e Centro<\/strong>. A sul do Tejo n\u00e3o ser\u00e1 imposs\u00edvel, mas ser\u00e1 altamente improv\u00e1vel.<\/p>\n<p><a class=\"imagen \" href=\"https:\/\/www.tempo.pt\/noticias\/previsao\/fim-de-agosto-ventoso-e-fresco-setembro-comeca-com-descida-acentuada-da-temperatura-e-mar-agitado-em-portugal.html\" title=\"Fim de agosto ventoso e fresco. Setembro come\u00e7a com descida acentuada da temperatura e mar agitado em Portugal\" rel=\"nofollow noopener\" target=\"_blank\"><img loading=\"lazy\" decoding=\"async\" fetchpriority=\"low\" class=\"lazy img-body non-editable\" src=\"https:\/\/www.europesays.com\/pt\/wp-content\/uploads\/2025\/09\/fim-de-agosto-ventoso-e-fresco-setembro-comeca-com-descida-acentuada-da-temperatura-e-mar-agitado-em.png\"  width=\"320\" height=\"225\" alt=\"Fim de agosto ventoso e fresco. Setembro come\u00e7a com descida acentuada da temperatura e mar agitado em Portugal\"\/><\/a><\/p>\n<p>Na Madeira a semana ser\u00e1 geralmente mais seca do que o normal para a \u00e9poca do ano e nos<strong> A\u00e7ores <\/strong>tamb\u00e9m, apesar da precipita\u00e7\u00e3o prevista para dois momentos distintos<strong> neste \u00faltimo arquip\u00e9lago: para quarta-feira (3) prev\u00ea-se chuva apenas nalgumas ilhas e na sexta-feira (5) todo o arquip\u00e9lago poder\u00e1 ser &#8216;varrido&#8217; por uma linha de instabilidade<\/strong>.<\/p>\n<p>Semana condicionada por uma &#8220;montanha-russa&#8221; das temperaturas<\/p>\n<p><strong>Com exce\u00e7\u00e3o de segunda (1) e ter\u00e7a-feira (2), s\u00e3o esperadas m\u00e1ximas entre 30 e 35 \u00baC em quase toda a extens\u00e3o da Beira Baixa (distrito de Castelo Branco), Alentejo (distritos de Portalegre, \u00c9vora e <a href=\"https:\/\/www.tempo.pt\/beja-provincia.htm\" data-mrf-recirculation=\"cuerpo_intext\" rel=\"nofollow noopener\" target=\"_blank\">Beja<\/a>) e v\u00e1rias zonas do Algarve (distrito de <a href=\"https:\/\/www.tempo.pt\/faro-provincia.htm\" data-mrf-recirculation=\"cuerpo_intext\" rel=\"nofollow noopener\" target=\"_blank\">Faro<\/a>)<\/strong>, sobretudo no Sotavento. Tamb\u00e9m algumas zonas do Ribatejo (distrito de Santar\u00e9m) poderiam registar de forma muito pontual temperaturas superiores a 30 \u00baC, especialmente no fim de semana de 6 e 7 de setembro.<\/p>\n<p><img loading=\"lazy\" decoding=\"async\" fetchpriority=\"low\" class=\"lazy \" src=\"https:\/\/www.europesays.com\/pt\/wp-content\/uploads\/2025\/09\/1756740455_337_tempo-em-portugal-na-proxima-semana-varias-frentes-provocarao-chuva-e-uma-montanha-russa-nas-tempera.png\"  width=\"768\" height=\"432\" data-image=\"93wryb1pfyvm\"\/>Previs\u00e3o de um acentuado contraste t\u00e9rmico para a pr\u00f3xima ter\u00e7a-feira, 2 setembro, \u00e0s 16:00, entre as regi\u00f5es a norte e a sul do sistema montanhoso Montejunto-Estrela.<\/p>\n<p><strong>O tempo ser\u00e1 fresco no Minho e Douro Litoral, com m\u00e1ximas, de um modo geral, inferiores a 25 \u00baC. Apenas na quinta (4) e na sexta-feira (5) \u00e9 que registar\u00e3o uma subida significativa<\/strong>, podendo baixar novamente no s\u00e1bado (7). Amanh\u00e3, segunda-feira (1), a capital de distrito da Guarda j\u00e1 ir\u00e1 registar uma temperatura m\u00e1xima inferior a 20 \u00baC.<\/p>\n<p><strong>Na segunda (1) e na ter\u00e7a-feira (2) as noites ser\u00e3o frias no Nordeste Transmontano, Beira Alta, Beira Baixa e Alto Alentejo, com temperaturas entre 8 e 11 \u00baC<\/strong>. Em contrapartida, as noites tropicais (m\u00ednimas iguais ou superiores a 20 \u00baC) persistir\u00e3o no Sotavento Algarvio (nomeadamente na capital distrital de Faro) entre quarta-feira (3) e domingo (7).<\/p>\n","protected":false},"excerpt":{"rendered":"A primeira semana do outono climatol\u00f3gico em Portugal ser\u00e1 marcada por uma altern\u00e2ncia entre vales depression\u00e1rios e cristas.&hellip;\n","protected":false},"author":2,"featured_media":54147,"comment_status":"","ping_status":"","sticky":false,"template":"","format":"standard","meta":{"footnotes":""},"categories":[10],"tags":[27,28,2139,14018,15,16,10741,14,25,26,21,22,606,15651,12,13,19,20,32,1429,23,24,33,7069,12325,4116,17,18,29,30,31],"class_list":{"0":"post-54146","1":"post","2":"type-post","3":"status-publish","4":"format-standard","5":"has-post-thumbnail","7":"category-portugal","8":"tag-breaking-news","9":"tag-breakingnews","10":"tag-chuva","11":"tag-depressoes","12":"tag-featured-news","13":"tag-featurednews","14":"tag-frente","15":"tag-headlines","16":"tag-latest-news","17":"tag-latestnews","18":"tag-main-news","19":"tag-mainnews","20":"tag-meteorologia","21":"tag-montanha-russa-temperaturas","22":"tag-news","23":"tag-noticias","24":"tag-noticias-principais","25":"tag-noticiasprincipais","26":"tag-portugal","27":"tag-previsao-do-tempo","28":"tag-principais-noticias","29":"tag-principaisnoticias","30":"tag-pt","31":"tag-tempo-para-amanha","32":"tag-tempo-proxima-semana","33":"tag-tempo-proximos-dias","34":"tag-top-stories","35":"tag-topstories","36":"tag-ultimas","37":"tag-ultimas-noticias","38":"tag-ultimasnoticias"},"share_on_mastodon":{"url":"","error":""},"_links":{"self":[{"href":"https:\/\/www.europesays.com\/pt\/wp-json\/wp\/v2\/posts\/54146","targetHints":{"allow":["GET"]}}],"collection":[{"href":"https:\/\/www.europesays.com\/pt\/wp-json\/wp\/v2\/posts"}],"about":[{"href":"https:\/\/www.europesays.com\/pt\/wp-json\/wp\/v2\/types\/post"}],"author":[{"embeddable":true,"href":"https:\/\/www.europesays.com\/pt\/wp-json\/wp\/v2\/users\/2"}],"replies":[{"embeddable":true,"href":"https:\/\/www.europesays.com\/pt\/wp-json\/wp\/v2\/comments?post=54146"}],"version-history":[{"count":0,"href":"https:\/\/www.europesays.com\/pt\/wp-json\/wp\/v2\/posts\/54146\/revisions"}],"wp:featuredmedia":[{"embeddable":true,"href":"https:\/\/www.europesays.com\/pt\/wp-json\/wp\/v2\/media\/54147"}],"wp:attachment":[{"href":"https:\/\/www.europesays.com\/pt\/wp-json\/wp\/v2\/media?parent=54146"}],"wp:term":[{"taxonomy":"category","embeddable":true,"href":"https:\/\/www.europesays.com\/pt\/wp-json\/wp\/v2\/categories?post=54146"},{"taxonomy":"post_tag","embeddable":true,"href":"https:\/\/www.europesays.com\/pt\/wp-json\/wp\/v2\/tags?post=54146"}],"curies":[{"name":"wp","href":"https:\/\/api.w.org\/{rel}","templated":true}]}}