{"id":54212,"date":"2025-09-01T16:10:16","date_gmt":"2025-09-01T16:10:16","guid":{"rendered":"https:\/\/www.europesays.com\/pt\/54212\/"},"modified":"2025-09-01T16:10:16","modified_gmt":"2025-09-01T16:10:16","slug":"manchester-united-garante-mais-um-guarda-redes-para-ruben-amorim-o-jogo","status":"publish","type":"post","link":"https:\/\/www.europesays.com\/pt\/54212\/","title":{"rendered":"Manchester United garante mais um guarda-redes para R\u00faben Amorim &#8211; O Jogo"},"content":{"rendered":"<ol>\n<li><a href=\"https:\/\/news.google.com\/rss\/articles\/CBMingFBVV95cUxNaVhfeUV0ZjViUU1uSEhIcDAzTFJVa2lTRWFqaEUwdjkyb0MwZnNpQWpKbmF2SlN6b1FNVkJkZW5BMk5iYmhqY2xZZ2xXdUk1ckZBb3JDS3M3QnFtVnM5UUs1Z09ubHduSjYtYlFGSHRtRk13aHlIaDF6Yk16anV1dTlWQzFXcWkzRlh2UF9HSDBOdndUR0NZZUxVZjRpdw?oc=5\" target=\"_blank\" rel=\"nofollow noopener\">Manchester United garante mais um guarda-redes para R\u00faben Amorim<\/a>&nbsp;&nbsp;O Jogo<\/li>\n<li><a href=\"https:\/\/news.google.com\/rss\/articles\/CBMi9gFBVV95cUxOaHNBNktuZTNJY05fZ2t3cGVMdURuZ0FHQkViV3lsTl9ZQnczUVRDcjQ2eEU3MWI0dUFMMmJmcmFuNng1aklERklzNEM4bTRCWnFvMTk1bXpUaUY5WjR4TEctU3dPdHBkZFVWZ3ptSUZSbmlmNmVyMUQtUTlWNEZZMkhNbDF3YXRUdlRtRmladF9wY1RZQlZWYl9Hbng5UzB4V1RDWmU4QTgxQjRrM3FHeVBCY3BqTnRUbmhscE81NnRZZ3FVZlo1MGUzLVVoV3RIZ3I3NkNobnZRenZhanZJVnNEWVRhVGtYMVJmNXU3bGZfdFZBeHfSAYQCQVVfeXFMTW84V2ViRy1xdXNXQV82QVZMdFhfejVlZmI1QzQ3WFJOUmhMTWxGSDB3amFLc1JpaFhkSlJldVJkelFoY0tWR1VwNzNaMjJzOWxiZWozX3RocHk1UW9EakVSYkk4N2FQUnd6NTVQZE1kdlRiMnBJOXR2OFZnellBNnZEanRUQktFeHpYV2ppeVN0aWlPZWcwM3NtQkxPOUk1ZDNwSjdwNFpKQmdMcGFFVTBGakZlUXQ4amRLS0FTcDVoS2h5T29MakRrTGVqMk16ZFNlTEs2R1NCNFVjbzl2c2ZibmxudUt3c09rQUs1OFpjMUNIN202QmJiMVpuQnJEbHNCMUU?oc=5\" target=\"_blank\" rel=\"nofollow noopener\">Manchester United tem acordo com Dibu Mart\u00ednez e negocia com Aston Villa pelo argentino<\/a>&nbsp;&nbsp;GE<\/li>\n<li><a href=\"https:\/\/news.google.com\/rss\/articles\/CBMirwFBVV95cUxQMFdaejFQMXN0UGR2c24wX0FwODlja1ZLM2RzY0hGeXZNQ2hUcXk0aENwZDkwYWJoQ2lwd3ZtRHVmblBNWUhPdE9MSW5FQ0lUa0N1NTNvTTcyR2dfeXZUbkNxSU9CNXIzb1BrNXJHbEtMblJ6M1AxeWRyVHhNSk90X1FOVmFCNDIwdkhwR1VTcWFkUUdhTVZrTkhuajZNNzdzUUp1cjdKSDhpSWg3QWo40gG0AUFVX3lxTE1LbWtjMVJrSWcyTHBDdFZlWVQ1X1Nwdmtub2E1SnJyelQ2VER3S3hLeVlNLWxkU2VFRnMzU0FrbExHYmFNMXJ5c2VZblFfWC1kMkJvVFBjV3diOHdnN2NQZTNVOWIyUTU4MlRoTUFUSjVtNUMyMjl5VTFBclZwVGJobFRab294S25ySnVDNUdKWi1DVnM0YldWOVBVbkpNVklEVVBCdjJqTnZGUy05UzMwZXl0cQ?oc=5\" target=\"_blank\" rel=\"nofollow noopener\">Manchester United acerta com novo goleiro para a temporada<\/a>&nbsp;&nbsp;LANCE!<\/li>\n<li><a href=\"https:\/\/news.google.com\/rss\/articles\/CBMiywFBVV95cUxPMTdJeGdoT0djZVJaTkZGblNmaVNXWVI3c0FDRkd0ckFIeDhEcFlVRVhwdGREcHVrX3VmLTZmaHVSdHR1RDRwY0lDYkJCOWYxYUZvRTc0MnBBN1dYRzIxa296R1lTeFpLeno5bVZXcFctMmtnMVJZQ3NoTk9ZdTVlUGFwemlhYmplZzJudUgxV1lsUUxIaWFFQ2lRZUtmSU9tNjJBVUg1YnFKWi1BWi03UUhZS2lFMGx0Ymo5Y2VzalhyM2tOa1BvdWkyVQ?oc=5\" target=\"_blank\" rel=\"nofollow noopener\">Ingleses noticiam acordo para dar guarda-redes a Amorim<\/a>&nbsp;&nbsp;A Bola<\/li>\n<li><a href=\"https:\/\/news.google.com\/rss\/articles\/CBMimwFBVV95cUxNZkJQanQtNjdWYk5jd2ZzbUZyaWZiVzBHcUU1NzJNbXQ5cVF1c0c3RkpDR0lFVC0ycDFYRzVTV1FNampITzZiVUoydGRmSG5VUWtFNUY2cXVSTUlyaVh1NDNiWjh5X3FUTTkxckhuTk9PczJ4dGVwVlVPQ2g0WFpDc0RqcmtUNzI2MGdtaWg0UUVnemxlUGFPYVMtNA?oc=5\" target=\"_blank\" rel=\"nofollow noopener\">Man Utd volta a aten\u00e7\u00e3o para Emiliano Mart\u00ednez<\/a>&nbsp;&nbsp;Gazeta Express<\/li>\n<\/ol>\n","protected":false},"excerpt":{"rendered":"Manchester United garante mais um guarda-redes para R\u00faben Amorim&nbsp;&nbsp;O Jogo Manchester United tem acordo com Dibu Mart\u00ednez e&hellip;\n","protected":false},"author":2,"featured_media":54213,"comment_status":"","ping_status":"","sticky":false,"template":"","format":"standard","meta":{"footnotes":""},"categories":[8],"tags":[27,28,15,16,14,25,26,21,22,12,13,19,20,32,23,24,33,17,18,29,30,31],"class_list":{"0":"post-54212","1":"post","2":"type-post","3":"status-publish","4":"format-standard","5":"has-post-thumbnail","7":"category-principais-noticias","8":"tag-breaking-news","9":"tag-breakingnews","10":"tag-featured-news","11":"tag-featurednews","12":"tag-headlines","13":"tag-latest-news","14":"tag-latestnews","15":"tag-main-news","16":"tag-mainnews","17":"tag-news","18":"tag-noticias","19":"tag-noticias-principais","20":"tag-noticiasprincipais","21":"tag-portugal","22":"tag-principais-noticias","23":"tag-principaisnoticias","24":"tag-pt","25":"tag-top-stories","26":"tag-topstories","27":"tag-ultimas","28":"tag-ultimas-noticias","29":"tag-ultimasnoticias"},"share_on_mastodon":{"url":"","error":""},"_links":{"self":[{"href":"https:\/\/www.europesays.com\/pt\/wp-json\/wp\/v2\/posts\/54212","targetHints":{"allow":["GET"]}}],"collection":[{"href":"https:\/\/www.europesays.com\/pt\/wp-json\/wp\/v2\/posts"}],"about":[{"href":"https:\/\/www.europesays.com\/pt\/wp-json\/wp\/v2\/types\/post"}],"author":[{"embeddable":true,"href":"https:\/\/www.europesays.com\/pt\/wp-json\/wp\/v2\/users\/2"}],"replies":[{"embeddable":true,"href":"https:\/\/www.europesays.com\/pt\/wp-json\/wp\/v2\/comments?post=54212"}],"version-history":[{"count":0,"href":"https:\/\/www.europesays.com\/pt\/wp-json\/wp\/v2\/posts\/54212\/revisions"}],"wp:featuredmedia":[{"embeddable":true,"href":"https:\/\/www.europesays.com\/pt\/wp-json\/wp\/v2\/media\/54213"}],"wp:attachment":[{"href":"https:\/\/www.europesays.com\/pt\/wp-json\/wp\/v2\/media?parent=54212"}],"wp:term":[{"taxonomy":"category","embeddable":true,"href":"https:\/\/www.europesays.com\/pt\/wp-json\/wp\/v2\/categories?post=54212"},{"taxonomy":"post_tag","embeddable":true,"href":"https:\/\/www.europesays.com\/pt\/wp-json\/wp\/v2\/tags?post=54212"}],"curies":[{"name":"wp","href":"https:\/\/api.w.org\/{rel}","templated":true}]}}