{"id":54214,"date":"2025-09-01T16:11:08","date_gmt":"2025-09-01T16:11:08","guid":{"rendered":"https:\/\/www.europesays.com\/pt\/54214\/"},"modified":"2025-09-01T16:11:08","modified_gmt":"2025-09-01T16:11:08","slug":"filho-de-ronaldo-fenomeno-ganha-r-35-mil-por-hora-e-nao-precisa-da-heranca-do-pai","status":"publish","type":"post","link":"https:\/\/www.europesays.com\/pt\/54214\/","title":{"rendered":"Filho de Ronaldo Fen\u00f4meno ganha R$ 35 mil por hora e n\u00e3o precisa da heran\u00e7a do pai"},"content":{"rendered":"<p>Embora seja herdeiro de Ronaldo Fen\u00f4meno, um dos maiores jogadores da hist\u00f3ria da <a href=\"https:\/\/correiodoestado.com.br\/mix\/ancelotti-descarta-neymar-e-convoca-jogador-que-nem-estava-no-radar-da-selecao-brasileira\/\" target=\"_blank\" rel=\"noopener nofollow\">Sele\u00e7\u00e3o Brasileira<\/a>, Ronald optou por seguir seu pr\u00f3prio rumo. Aos 25 anos, o produtor imergiu no ramo da m\u00fasica, sendo DJ em festas privadas por todo o pa\u00eds. Em entrevista cedida \u00e0\u00a0CNN Brasil, o jovem afirmou receber cerca de R$ 35 mil por 1 hora de apresenta\u00e7\u00e3o.<\/p>\n<p>Ao contr\u00e1rio do ex-atacante, Ronald n\u00e3o apresenta afinidade alguma com o futebol, motivo que o projetou a novos ramos. A fim de n\u00e3o ficar \u00e0s sombras de seu pai, o empres\u00e1rio apostou no mundo da m\u00fasica e tem colhido excelentes frutos. Viajando por todo o mundo, o rapaz costuma lotar v\u00e1rias casas de shows com o seu talento e carisma.<\/p>\n<p><img loading=\"lazy\" decoding=\"async\" width=\"888\" height=\"666\" src=\"https:\/\/www.europesays.com\/pt\/wp-content\/uploads\/2025\/09\/ronald-e-ronaldo-fenomeno.webp.webp\" alt=\"\" class=\"wp-image-7906\"  \/>Cr\u00e9dito: Reprodu\u00e7\u00e3o\/Instagram<\/p>\n<p>\u201cEu sei que eu posso usufruir [da heran\u00e7a]. Eles trabalharam a vida inteira, ent\u00e3o seria falta de respeito da minha parte \u2018pisar\u2019 nisso, deixar o legado para tr\u00e1s. Mas eu trabalho para construir meu legado. Tenho vontade de querer fazer o meu nome e n\u00e3o ficar \u00e0 sombra do meu pai. Seria uma vida extremamente mon\u00f3tona, entediante, ficar esperando uma heran\u00e7a cair\u201d, explicou o primog\u00eanito do camisa 9.<\/p>\n<p>Ronaldo Fen\u00f4meno apoia carreira do filho<\/p>\n<p>Apesar de ter nascido em ber\u00e7o futebol\u00edstico, o DJ revelou nunca ter sido pressionado pelo pai para mergulhar na modalidade. Segundo o herdeiro, o hist\u00f3rico particular do pentacampe\u00e3o com a Sele\u00e7\u00e3o Brasileira o levou a estudar m\u00fasica. Como forma de mostrar parceria e encorajar o filho, Ronaldo Fen\u00f4meno deu total apoio na empreitada do garoto.<\/p>\n<p>\u201cMeu pai sempre foi muito baladeiro, precisava de algu\u00e9m para realmente comandar esse som e eu sempre fui demonstrando interesse nessa profiss\u00e3o. E ele, vendo isso, foi se aproveitando e dando espa\u00e7o para eu tamb\u00e9m amadurecer esse hobby que, ao longo dos anos, foi se tornando uma profiss\u00e3o. S\u00e3o meus maiores f\u00e3s [os pais]. Assim como eles j\u00e1 fizeram, estou correndo atr\u00e1s de um sonho\u201d, contou o produtor.<\/p>\n","protected":false},"excerpt":{"rendered":"Embora seja herdeiro de Ronaldo Fen\u00f4meno, um dos maiores jogadores da hist\u00f3ria da Sele\u00e7\u00e3o Brasileira, Ronald optou por&hellip;\n","protected":false},"author":2,"featured_media":54215,"comment_status":"","ping_status":"","sticky":false,"template":"","format":"standard","meta":{"footnotes":""},"categories":[145],"tags":[211,210,114,115,32,33],"class_list":{"0":"post-54214","1":"post","2":"type-post","3":"status-publish","4":"format-standard","5":"has-post-thumbnail","7":"category-celebridades","8":"tag-celebridades","9":"tag-celebrities","10":"tag-entertainment","11":"tag-entretenimento","12":"tag-portugal","13":"tag-pt"},"share_on_mastodon":{"url":"","error":""},"_links":{"self":[{"href":"https:\/\/www.europesays.com\/pt\/wp-json\/wp\/v2\/posts\/54214","targetHints":{"allow":["GET"]}}],"collection":[{"href":"https:\/\/www.europesays.com\/pt\/wp-json\/wp\/v2\/posts"}],"about":[{"href":"https:\/\/www.europesays.com\/pt\/wp-json\/wp\/v2\/types\/post"}],"author":[{"embeddable":true,"href":"https:\/\/www.europesays.com\/pt\/wp-json\/wp\/v2\/users\/2"}],"replies":[{"embeddable":true,"href":"https:\/\/www.europesays.com\/pt\/wp-json\/wp\/v2\/comments?post=54214"}],"version-history":[{"count":0,"href":"https:\/\/www.europesays.com\/pt\/wp-json\/wp\/v2\/posts\/54214\/revisions"}],"wp:featuredmedia":[{"embeddable":true,"href":"https:\/\/www.europesays.com\/pt\/wp-json\/wp\/v2\/media\/54215"}],"wp:attachment":[{"href":"https:\/\/www.europesays.com\/pt\/wp-json\/wp\/v2\/media?parent=54214"}],"wp:term":[{"taxonomy":"category","embeddable":true,"href":"https:\/\/www.europesays.com\/pt\/wp-json\/wp\/v2\/categories?post=54214"},{"taxonomy":"post_tag","embeddable":true,"href":"https:\/\/www.europesays.com\/pt\/wp-json\/wp\/v2\/tags?post=54214"}],"curies":[{"name":"wp","href":"https:\/\/api.w.org\/{rel}","templated":true}]}}