{"id":54234,"date":"2025-09-01T16:23:34","date_gmt":"2025-09-01T16:23:34","guid":{"rendered":"https:\/\/www.europesays.com\/pt\/54234\/"},"modified":"2025-09-01T16:23:34","modified_gmt":"2025-09-01T16:23:34","slug":"eis-alguns-nomes-das-proximas-tempestades-de-grande-impacto-veja-a-lista-completa","status":"publish","type":"post","link":"https:\/\/www.europesays.com\/pt\/54234\/","title":{"rendered":"eis alguns nomes das pr\u00f3ximas tempestades de grande impacto. (Veja a lista completa!)"},"content":{"rendered":"<p> <img decoding=\"async\" fetchpriority=\"high\" src=\"https:\/\/www.europesays.com\/pt\/wp-content\/uploads\/2025\/09\/alice-claudia-pedro-e-wilma-eis-alguns-nomes-das-proximas-tempestades-de-grande-impacto-veja-a-lista.jpeg\"  width=\"768\" height=\"432\" alt=\"Lista nomes depress\u00f5es atl\u00e2nticas\" title=\"Lista nomes depress\u00f5es atl\u00e2nticas\" data-image=\"p0dm5aza6qbf\"\/>Se uma tempestade tropical formada no oceano Atl\u00e2ntico for nomeada pelo National Hurricane Center (NHC) dos EUA e sofrer uma transforma\u00e7\u00e3o nas suas caracter\u00edsticas termodin\u00e2micas &#8211; tornando-se uma tempestade de caracter\u00edsticas extratropicais &#8211; manter\u00e1 o nome atribu\u00eddo originalmente pelo NHC na comunica\u00e7\u00e3o dos servi\u00e7os meteorol\u00f3gicos europeus, incluindo o IPMA. Por\u00e9m, as t\u00edpicas depress\u00f5es atl\u00e2nticas, se cumprirem com os crit\u00e9rios de &#8216;grande impacto&#8217;, receber\u00e3o um dos nomes da lista para 2025\/2026.   <img decoding=\"async\" fetchpriority=\"high\" src=\"https:\/\/www.europesays.com\/pt\/wp-content\/uploads\/2025\/09\/alfredo-graca.jpg\" alt=\"Alfredo Gra\u00e7a\" width=\"40\" height=\"40\"\/>    <a class=\"nombre text-hv\" href=\"https:\/\/www.tempo.pt\/autor\/alfredo-graca\/\" title=\"Alfredo Gra\u00e7a\" rel=\"nofollow noopener\" target=\"_blank\">Alfredo Gra\u00e7a<\/a>        31\/08\/2025 19:17   5 min   <\/p>\n<p>A cada <strong>1 de setembro, in\u00edcio do outono climatol\u00f3gico e de uma nova temporada de tempestades extratropicais (e de grande impacto) na Europa<\/strong>, \u2018nasce\u2019 uma nova lista de nomes em diferentes grupos europeus. Portugal pertence ao Grupo Sudoeste e \u00e9 representado pelo IPMA. <strong>A lista para a temporada 2025\/2026 j\u00e1 foi aprovada e pode ser observada na imagem abaixo<\/strong>.<\/p>\n<p>Atribuir nomes a depress\u00f5es \u00e9 eficaz na comunica\u00e7\u00e3o de fen\u00f3menos com potenciais riscos para pessoas e bens<\/p>\n<p>Segundo o IPMA,<strong> \u201ca nomea\u00e7\u00e3o de tempestades tem-se mostrado eficaz na comunica\u00e7\u00e3o da ocorr\u00eancia destes fen\u00f3menos meteorol\u00f3gicos que trazem associadas situa\u00e7\u00f5es de risco potencial para as vidas e bens dos cidad\u00e3os\u201d<\/strong>. <\/p>\n<p>Al\u00e9m disto, proporciona fluidez na comunica\u00e7\u00e3o entre os Servi\u00e7os Meteorol\u00f3gicos de diferentes pa\u00edses e as estruturas de Prote\u00e7\u00e3o Civil. Por \u00faltimo, este m\u00e9todo revela uma <strong>maior facilidade em identificar e estudar as depress\u00f5es durante o seu percurso pela Europa<\/strong>.<\/p>\n<p><img loading=\"lazy\" decoding=\"async\" fetchpriority=\"low\" class=\"lazy \" src=\"https:\/\/www.europesays.com\/pt\/wp-content\/uploads\/2025\/09\/1756743814_334_alice-claudia-pedro-e-wilma-eis-alguns-nomes-das-proximas-tempestades-de-grande-impacto-veja-a-lista.jpeg\"  width=\"768\" height=\"432\" data-image=\"kxs67v0mprn5\"\/>\u00c9 oficial. J\u00e1 h\u00e1 lista de nomes das tempestades extratropicais de grande impacto para a temporada 2025\/2026. Fonte: AEMET<\/p>\n<p>Para que uma tempestade receba nome t\u00eam de ser cumpridos crit\u00e9rios previamente determinados. Entre eles, incluem-se <strong>os impactos e a emiss\u00e3o de avisos de n\u00edvel laranja ou vermelho, enquadrados no sistema internacional de avisos meteorol\u00f3gicos (na Europa \u00e9 o MeteoAlarm)<\/strong>.<\/p>\n<p>O vento \u00e9 o principal elemento meteorol\u00f3gico que contribui para a nomea\u00e7\u00e3o de uma tempestade. No entanto, t\u00eam sido sempre tidos em conta outros elementos meteorol\u00f3gicos na nomea\u00e7\u00e3o de tempestades, por exemplo a precipita\u00e7\u00e3o, desde que o seu impacto tenha potencial para ser severo.<\/p>\n<p><strong>A rede EUMETNET re\u00fane 33 servi\u00e7os meteorol\u00f3gicos \u00e0 escala europeia<\/strong> e \u00e9 sob a sua \u00e9gide que foi fundado o projeto conjunto de atribui\u00e7\u00e3o de nomes a tempestades por parte dos servi\u00e7os meteorol\u00f3gicos da Europa. <strong>O Instituto Portugu\u00eas do Mar e da Atmosfera (IPMA) \u00e9, como o pr\u00f3prio nome indica, o servi\u00e7o meteorol\u00f3gico de Portugal e pertence ao Grupo Sudoest<\/strong><strong>e<\/strong>, no qual se incluem tamb\u00e9m os servi\u00e7os meteorol\u00f3gicos de <strong>Espanha (AEMET), de Fran\u00e7a (M\u00e9t\u00e9o-France), do Luxemburgo (MeteoLux) e da B\u00e9lgica (RMI)<\/strong>.<\/p>\n<p>Curiosidades acerca da atribui\u00e7\u00e3o de nomes aos centros de a\u00e7\u00e3o atmosf\u00e9rica<\/p>\n<p>A primeira das curiosidades \u00e9 que, na Alemanha, a tradi\u00e7\u00e3o de atribuir nomes a depress\u00f5es (centros de baixas press\u00f5es) e at\u00e9 mesmo a anticiclones (centros de altas press\u00f5es) \u00e9 antiga.<strong> Desde 1954, o Instituto de Meteorologia da Universidade Livre de Berlim atribui nomes a centros de a\u00e7\u00e3o que influenciam o clima na Europa central<\/strong>.<\/p>\n<p>Inicialmente eram atribu\u00eddos <strong>n<\/strong><strong>omes femininos \u00e0s depress\u00f5es e nomes masculinos aos anticiclones, tendo sido pr\u00e9-definidas dez listas de nomes masculinos e dez listas de nomes femininos<\/strong> num total de 260 nomes femininos e 260 nomes masculinos. Quando os nomes esgotavam, come\u00e7ava-se de novo.<\/p>\n<p><a class=\"imagen \" href=\"https:\/\/www.tempo.pt\/noticias\/previsao\/perito-alfredo-graca-avanca-a-previsao-para-o-outono-de-2025-em-portugal-condicionados-pelo-jato-polar-e-seus-efeitos.html\" title=\"Perito Alfredo Gra\u00e7a avan\u00e7a a previs\u00e3o para o outono de 2025 em Portugal: \u201ccondicionados pelo jato polar e seus efeitos&#039;\" rel=\"nofollow noopener\" target=\"_blank\"><img loading=\"lazy\" decoding=\"async\" fetchpriority=\"low\" class=\"lazy img-body non-editable\" src=\"https:\/\/www.europesays.com\/pt\/wp-content\/uploads\/2025\/09\/perito-alfredo-graca-avanca-a-previsao-para-o-outono-de-2025-em-portugal-condicionados-pelo-jato-pol.jpeg\"  width=\"320\" height=\"225\" alt=\"Perito Alfredo Gra\u00e7a avan\u00e7a a previs\u00e3o para o outono de 2025 em Portugal: \u201ccondicionados pelo jato polar e seus efeitos'\"\/><\/a><\/p>\n<p>Outra curiosidade prende-se com <strong>a entrada em vigor &#8211; a partir do dia 1 de dezembro de 2017 &#8211; do atual sistema de atribui\u00e7\u00e3o de nomes a depress\u00f5es<\/strong> e que foi acordado entre os Servi\u00e7os Meteorol\u00f3gicos de Portugal, Espanha e Fran\u00e7a (na altura, apenas estes pa\u00edses pertenciam ao Grupo Sudoeste, s\u00f3 posteriormente \u00e9 que os Servi\u00e7os Meteorol\u00f3gicos de B\u00e9lgica e Luxemburgo entraram).<\/p>\n","protected":false},"excerpt":{"rendered":"Se uma tempestade tropical formada no oceano Atl\u00e2ntico for nomeada pelo National Hurricane Center (NHC) dos EUA e&hellip;\n","protected":false},"author":2,"featured_media":54235,"comment_status":"","ping_status":"","sticky":false,"template":"","format":"standard","meta":{"footnotes":""},"categories":[10],"tags":[15661,27,28,2139,14018,15,16,15660,14,350,25,26,15659,21,22,606,12,13,19,20,32,23,24,33,15658,17,18,29,30,31,9417],"class_list":{"0":"post-54234","1":"post","2":"type-post","3":"status-publish","4":"format-standard","5":"has-post-thumbnail","7":"category-portugal","8":"tag-aemet","9":"tag-breaking-news","10":"tag-breakingnews","11":"tag-chuva","12":"tag-depressoes","13":"tag-featured-news","14":"tag-featurednews","15":"tag-grupo-sudoeste","16":"tag-headlines","17":"tag-ipma","18":"tag-latest-news","19":"tag-latestnews","20":"tag-lista-de-nomes-tempestades","21":"tag-main-news","22":"tag-mainnews","23":"tag-meteorologia","24":"tag-news","25":"tag-noticias","26":"tag-noticias-principais","27":"tag-noticiasprincipais","28":"tag-portugal","29":"tag-principais-noticias","30":"tag-principaisnoticias","31":"tag-pt","32":"tag-tempestades-de-grande-impacto","33":"tag-top-stories","34":"tag-topstories","35":"tag-ultimas","36":"tag-ultimas-noticias","37":"tag-ultimasnoticias","38":"tag-vento"},"share_on_mastodon":{"url":"","error":""},"_links":{"self":[{"href":"https:\/\/www.europesays.com\/pt\/wp-json\/wp\/v2\/posts\/54234","targetHints":{"allow":["GET"]}}],"collection":[{"href":"https:\/\/www.europesays.com\/pt\/wp-json\/wp\/v2\/posts"}],"about":[{"href":"https:\/\/www.europesays.com\/pt\/wp-json\/wp\/v2\/types\/post"}],"author":[{"embeddable":true,"href":"https:\/\/www.europesays.com\/pt\/wp-json\/wp\/v2\/users\/2"}],"replies":[{"embeddable":true,"href":"https:\/\/www.europesays.com\/pt\/wp-json\/wp\/v2\/comments?post=54234"}],"version-history":[{"count":0,"href":"https:\/\/www.europesays.com\/pt\/wp-json\/wp\/v2\/posts\/54234\/revisions"}],"wp:featuredmedia":[{"embeddable":true,"href":"https:\/\/www.europesays.com\/pt\/wp-json\/wp\/v2\/media\/54235"}],"wp:attachment":[{"href":"https:\/\/www.europesays.com\/pt\/wp-json\/wp\/v2\/media?parent=54234"}],"wp:term":[{"taxonomy":"category","embeddable":true,"href":"https:\/\/www.europesays.com\/pt\/wp-json\/wp\/v2\/categories?post=54234"},{"taxonomy":"post_tag","embeddable":true,"href":"https:\/\/www.europesays.com\/pt\/wp-json\/wp\/v2\/tags?post=54234"}],"curies":[{"name":"wp","href":"https:\/\/api.w.org\/{rel}","templated":true}]}}