{"id":54266,"date":"2025-09-01T16:49:14","date_gmt":"2025-09-01T16:49:14","guid":{"rendered":"https:\/\/www.europesays.com\/pt\/54266\/"},"modified":"2025-09-01T16:49:14","modified_gmt":"2025-09-01T16:49:14","slug":"estreias-de-cinema-em-setembro-de-2025","status":"publish","type":"post","link":"https:\/\/www.europesays.com\/pt\/54266\/","title":{"rendered":"Estreias de cinema em setembro de 2025"},"content":{"rendered":"<p>Dos t\u00edtulos que estreiam neste m\u00eas nas telonas, est\u00e3o &#8220;Demon Slayer&#8221;, &#8220;Invoca\u00e7\u00e3o do Mal 4&#8221; e &#8220;Downton Abbey: O Grande Final&#8221;<\/p>\n<p>  <img class=\"content-first-image wp-image-2640410 size-large\" loading=\"eager\" decoding=\"sync\" fetchpriority=\"high\" src=\"https:\/\/www.europesays.com\/pt\/wp-content\/uploads\/2025\/09\/invocacao-do-mal-4-esta-entre-as-estreias-de-filmes-mais-aguardadas-no-mes-de-setembro-reproducao-nd.jpeg\" alt=\"P\u00f4ster do filme &quot;Invoca\u00e7\u00e3o do Mal 4&quot;, que est\u00e1 entre as estreias de cinema em setembro de 2025:\" width=\"1300\" height=\"731\"  \/>\u201cInvoca\u00e7\u00e3o do Mal 4\u201d est\u00e1 entre as estreias de filmes mais aguardadas no m\u00eas de setembro! \u2013 Foto: Reprodu\u00e7\u00e3o\/ND<\/p>\n<p>As estreias de cinema em setembro de 2025 prometem conquistar os mais variados p\u00fablicos, desde os f\u00e3s do terror at\u00e9 os dramas hist\u00f3ricos.<\/p>\n<p>Dentre os lan\u00e7amentos do m\u00eas, est\u00e3o \u201cDemon Slayer\u201d, \u201cInvoca\u00e7\u00e3o do Mal 4\u201d e \u201cDownton Abbey: O Grande Final\u201d.<\/p>\n<p>Confira a seguir os principais filmes que estreiam nos pr\u00f3ximos dias e anote as datas na sua agenda para n\u00e3o perder nenhuma dessas hist\u00f3rias!<\/p>\n<p>Estreias de cinema em setembro de 2025: os melhores filmes e quando v\u00e3o estar em cartaz<\/p>\n<ul>\n<li><strong>\u201cInvoca\u00e7\u00e3o do Mal 4: O \u00daltimo Ritual\u201d<\/strong>, com estreia em 4 de setembro;<\/li>\n<li><strong>\u201cO Retorno\u201d<\/strong>, com estreia em 4 de setembro;<\/li>\n<li><strong>\u201cO Rei da Feira\u201d<\/strong>, com estreia em 4 de setembro;<\/li>\n<li><strong>\u201cDownton Abbey: O Grande Final\u201d<\/strong>, com estreia em 11 de setembro;<\/li>\n<li><strong>\u201cDemon Slayer: Kimetsu no Yaiba \u2013 Castelo Infinito\u201d<\/strong>, com estreia em 11 de setembro.<\/li>\n<\/ul>\n<p>\u201cInvoca\u00e7\u00e3o do Mal 4: O \u00daltimo Ritual\u201d (\u201cThe Conjuring: Last Rites\u201d)<\/p>\n<p>Com dire\u00e7\u00e3o de Michael Chaves e roteiro de David Leslie Johnson-McGoldrick e Richard Naing, o filme norte-americano marcar\u00e1 o desfecho da franquia de terror iniciada em 2013 por James Wan. Neste \u00faltimo cap\u00edtulo, Ed e Lorraine Warren, interpretados por Vera Farmiga e Patrick Wilson, enfrentam mais um caso aterrorizante, desta vez envolvendo entidades misteriosas que desafiam sua experi\u00eancia como paranormais.<\/p>\n<p>\u201cO Retorno\u201d (\u201cThe Return\u201d)<\/p>\n<p>Neste drama hist\u00f3rico dirigido por Uberto Pasolini, Odisseu retorna a \u00cdtaca. Abatido ap\u00f3s a Guerra de Tr\u00f3ia e duas d\u00e9cadas longe de casa, ele encontra seu reino em desordem e envolto em uma disputa sangrenta pelo trono. O filme, uma co-produ\u00e7\u00e3o de v\u00e1rios pa\u00edses, incluindo o Reino Unido, It\u00e1lia, Gr\u00e9cia e Fran\u00e7a, retrata a \u00faltima parte do \u00e9pico mitol\u00f3gico \u201cOdisseia\u201d, cl\u00e1ssico da literatura de Homero, e conta com Ralph Fiennes, Juliette Binoche e Charlie Plummer nos pap\u00e9is principais.<\/p>\n<p>\u201cO Rei da Feira\u201d<\/p>\n<p>Nesta com\u00e9dia brasileira dirigida por Felipe Joffily e estrelada por Leandro Hassum, Pedro Wagner e Luana Martau, Bode \u00e9 um feirante que ganha uma grande quantia no jogo do bicho, mas acaba sendo tragicamente assassinado. Agora, cabe ao seu amigo com dons medi\u00fanicos, Monarca, investigar o caso. Bode retorna como esp\u00edrito, mas com amn\u00e9sia alco\u00f3lica, sem se lembrar de quem o matou, o que torna a investiga\u00e7\u00e3o ainda mais divertida e ca\u00f3tica.<\/p>\n<p>\u201cDownton Abbey: O Grande Final\u201d (\u201cDownton Abbey: The Grand Finale\u201d)<\/p>\n<p>Uma co-produ\u00e7\u00e3o entre Estados Unidos e Reino Unido, \u2018O Grande Final\u201d encerra a saga da fam\u00edlia Crawley. Nesta hist\u00f3ria, a aristocracia e seus empregados enfrentam novos desafios, romances e mudan\u00e7as sociais no in\u00edcio da d\u00e9cada de 1930. O filme \u00e9 dirigido por Simon Curtis e tem roteiro de Julian Fellowes, com Michelle Dockery, Hugh Bonneville e Laura Carmichael nos pap\u00e9is principais.<\/p>\n<p>\u201cDemon Slayer: Kimetsu no Yaiba \u2013 Castelo Infinito\u201d (\u201cGekijouban Kimetsu no Yaiba: Mugen-jou-hen Movie 1\u201d)<\/p>\n<p>A anima\u00e7\u00e3o japonesa de Haruo Sotozaki acompanha Tanjiro, um jovem cuja vida muda ap\u00f3s sua fam\u00edlia ser assassinada por dem\u00f4nios Onis. A \u00fanica sobrevivente \u00e9 sua irm\u00e3 Nezuko, transformada em um deles. Determinado a cur\u00e1-la e vingar seus pais, Tanjiro se junta a uma organiza\u00e7\u00e3o que ca\u00e7a tais criaturas. Junto de Zenitsu, Inosuke e outros espadachins, ele enfrenta inimigos e desafios enquanto se prepara para a batalha final no misterioso Castelo Infinito. Esta \u00e9 a primeira parte da trilogia que encerra o anime.<\/p>\n<p>Como comprar os ingressos<\/p>\n<p>Para comprar ingressos de cinema de forma pr\u00e1tica, voc\u00ea pode utilizar o site <a href=\"https:\/\/www.ingresso.com\/\" target=\"_blank\" rel=\"noopener nofollow\">Ingresso.com<\/a>, que permite selecionar o filme, o hor\u00e1rio e a sess\u00e3o desejada, al\u00e9m de escolher os assentos diretamente pelo mapa do cinema. A plataforma oferece op\u00e7\u00f5es de pagamento on-line.<\/p>\n<p>Al\u00e9m disso, os ingressos podem ser adquiridos diretamente nas redes de cinema, como <a href=\"https:\/\/www.cinemark.com.br\/\" target=\"_blank\" rel=\"noopener nofollow\">Cinemark<\/a>, <a href=\"https:\/\/www.cinesystem.com.br\/\" target=\"_blank\" rel=\"noopener nofollow\">Cinesystem<\/a> e <a href=\"https:\/\/www.cinepolis.com.br\/\" target=\"_blank\" rel=\"noopener nofollow\">Cin\u00e9polis<\/a>, presentes em grandes cidades do pa\u00eds, como S\u00e3o Paulo, Rio de Janeiro e Florian\u00f3polis, seja pelos aplicativos e sites oficiais, ou presencialmente nas bilheterias.<\/p>\n","protected":false},"excerpt":{"rendered":"Dos t\u00edtulos que estreiam neste m\u00eas nas telonas, est\u00e3o &#8220;Demon Slayer&#8221;, &#8220;Invoca\u00e7\u00e3o do Mal 4&#8221; e &#8220;Downton Abbey:&hellip;\n","protected":false},"author":2,"featured_media":54267,"comment_status":"","ping_status":"","sticky":false,"template":"","format":"standard","meta":{"footnotes":""},"categories":[140],"tags":[726,470,1967,114,115,147,148,146,1968,32,33],"class_list":{"0":"post-54266","1":"post","2":"type-post","3":"status-publish","4":"format-standard","5":"has-post-thumbnail","7":"category-filmes","8":"tag-brasil","9":"tag-cinema","10":"tag-contedo-de-internet","11":"tag-entertainment","12":"tag-entretenimento","13":"tag-film","14":"tag-filmes","15":"tag-movies","16":"tag-notcia","17":"tag-portugal","18":"tag-pt"},"share_on_mastodon":{"url":"","error":""},"_links":{"self":[{"href":"https:\/\/www.europesays.com\/pt\/wp-json\/wp\/v2\/posts\/54266","targetHints":{"allow":["GET"]}}],"collection":[{"href":"https:\/\/www.europesays.com\/pt\/wp-json\/wp\/v2\/posts"}],"about":[{"href":"https:\/\/www.europesays.com\/pt\/wp-json\/wp\/v2\/types\/post"}],"author":[{"embeddable":true,"href":"https:\/\/www.europesays.com\/pt\/wp-json\/wp\/v2\/users\/2"}],"replies":[{"embeddable":true,"href":"https:\/\/www.europesays.com\/pt\/wp-json\/wp\/v2\/comments?post=54266"}],"version-history":[{"count":0,"href":"https:\/\/www.europesays.com\/pt\/wp-json\/wp\/v2\/posts\/54266\/revisions"}],"wp:featuredmedia":[{"embeddable":true,"href":"https:\/\/www.europesays.com\/pt\/wp-json\/wp\/v2\/media\/54267"}],"wp:attachment":[{"href":"https:\/\/www.europesays.com\/pt\/wp-json\/wp\/v2\/media?parent=54266"}],"wp:term":[{"taxonomy":"category","embeddable":true,"href":"https:\/\/www.europesays.com\/pt\/wp-json\/wp\/v2\/categories?post=54266"},{"taxonomy":"post_tag","embeddable":true,"href":"https:\/\/www.europesays.com\/pt\/wp-json\/wp\/v2\/tags?post=54266"}],"curies":[{"name":"wp","href":"https:\/\/api.w.org\/{rel}","templated":true}]}}