{"id":54272,"date":"2025-09-01T16:52:16","date_gmt":"2025-09-01T16:52:16","guid":{"rendered":"https:\/\/www.europesays.com\/pt\/54272\/"},"modified":"2025-09-01T16:52:16","modified_gmt":"2025-09-01T16:52:16","slug":"ana-guiomar-as-ferias-de-sonho-na-croacia-com-companhia-especial-sapo-lifestyle","status":"publish","type":"post","link":"https:\/\/www.europesays.com\/pt\/54272\/","title":{"rendered":"Ana Guiomar: As f\u00e9rias de sonho na Cro\u00e1cia com companhia especial &#8211; SAPO Lifestyle"},"content":{"rendered":"<ol>\n<li><a href=\"https:\/\/news.google.com\/rss\/articles\/CBMitgFBVV95cUxPNUF0T092ZkYzLTJUeWhpRk5OWXVqMFo3NUNyR0w1RXMybTdpdnloV0pfYXRmOGllcmdmQldvUzZQWWFpMVMxUzcxYmxzajB5VlpkdEh6RHd2UHlRUmRfeEV3LTk3R19TcGpHRmM3Y0F4Nm1zd0diSXZzZm9JVV9uSGVWdERvQ29DT3VzdmRCS0I2ZUNmMkJjOGtCcGxVM0d5dWkwcnJJdzktUzhhVzdnRGVVZ3hpZw?oc=5\" target=\"_blank\" rel=\"nofollow noopener\">Ana Guiomar: As f\u00e9rias de sonho na Cro\u00e1cia com companhia especial<\/a>&nbsp;&nbsp;SAPO Lifestyle<\/li>\n<li><a href=\"https:\/\/news.google.com\/rss\/articles\/CBMivAFBVV95cUxOeEJub3NJZjV0WVNocjBpdTJ0QzJ2OUZTdkhKYTd2STlMcE14Tmo5RnloWl9iQ0RENEVHamlONUtLTHNFU2pRRzRnNGUyWTdYUU1jcEM0SFBvXzVyUEdqQ1dKUTY2MVNMR0Q3MUYzSDhwZjhRQ3pTaFV6TkNYYVl5cWRyU1dOMmRGTmxqSUZMaWN6dXRwb1I2Ujg0YjVyVVp4Sm4tLWZUZGM5S05ZUHcwV09ITnB4Q3RFZWpUag?oc=5\" target=\"_blank\" rel=\"nofollow noopener\">Ana Guiomar em destino paradis\u00edaco com algu\u00e9m [muito] especial e&#8230; um incidente pelo meio: &#8220;Sem biqu\u00edni&#8230;&#8221;<\/a>&nbsp;&nbsp;TV 7 Dias<\/li>\n<li><a href=\"https:\/\/news.google.com\/rss\/articles\/CBMingFBVV95cUxPLU1TaWhjazlYOHdzMVNqU3YycnJZaVBuT0htaW82ZERYMmxzTl9VTEhrVzQ4aS1fLXl5bngwOEl3N20wREUxbkFVZFdTd3V4TDIyMkFmaS1lREtQOTZ6amZ2d1dCUmRQcUJwX0lOcGdyeVV4cjkxMGtMcjg1WlYxSmxQblRrRGlnRU9GcW1ENWpMV0NzVGl4UW9aOWFYQdIB6wJBVV95cUxOQzlCQjRuOHNIdVF2azZra3V5VWlwbFlqS1RtM2l5dW9LVjhLVVBsYWNxZWRVdURMSzdMajAzQy1wRlZyUnJvd2RENWx1UUNPb0w5LWp3NzRaejhwdDhoZXBFZ2FJMF9wYVNoWmlwUlhPRHdtcFB3TUUtc3dHQmZKNzdIdmhwSzFTUjNkZ3h5Q0k3ajJDd2JLNjQ5TnB0a284T3lUNF9zXy1DTWFvVXozZzRJeFlyRk9BbWQtZXRSMlVLMGt4S0VPODVWc0psWXVSNGdXb2djSU5VTmZXclE3bzJLM3VjWURQdHBJMVZ3RDg1bkJOSHRRUUlqUDc2cGtIYTZEZFlNdWtpbVpybGVhcnJ1Qm02OG9sLWdnX2p4MW5DNi1vV1hQbVhZamVpQktDTTJ1MDRYYXFfRmZrZFBUZE9oRkhjR2diSzRyTjNkRkR2b1owOHJncEN2MnplSnB6LTZPRFZUekhMNEE?oc=5\" target=\"_blank\" rel=\"nofollow noopener\">Ana Guiomar rendida \u00e0 Cro\u00e1cia: &#8220;Estou muito apaixonada por isto&#8221;<\/a>&nbsp;&nbsp;A Televis\u00e3o<\/li>\n<li><a href=\"https:\/\/news.google.com\/rss\/articles\/CBMizwFBVV95cUxPNVFaUk9oSEVsTVY4SzhacXBxdHBpalQ3YWJqUWpRQzJXLWN0VmVoUUJwQU5YXzVheVhVcmNtdU5saHNTVGFTSjZmNUdaNUMxUzBzVUt1LUpFUk4zMVNYZmM3ZzZyb1ZtbXdTelhfUndUbmRwbWZ4YldMczc4U1owbVhnTUVmMkFSMEEyVERacTRQaGhmRTF1M2tvdkU0VWR0b2RVd2dNQkdqSkhMbFR3YXVvaWdsVmNfNXpPWVpINmhBV2xmaDJPZlRXTTkxVE0?oc=5\" target=\"_blank\" rel=\"nofollow noopener\">\u00abAt\u00e9 estou com medo de estragar\u00bb: Em plenas f\u00e9rias, Ana Guiomar faz revela\u00e7\u00e3o inesperada<\/a>&nbsp;&nbsp;TVI<\/li>\n<li><a href=\"https:\/\/news.google.com\/rss\/articles\/CBMizwFBVV95cUxOMWZ1OHpudlJfMlFWaEdQVTlwd05ES3dHX1ZYVHVENEtiaDFKZjV0X2JpcUMyU0E2eDUtZ3poZGdvdlRwOHBpa1g3bHlNN09vNGQ0dXJ6NERia1RNQmRrQkN6dmZ0NWFOdDd1VFhVS3E0UFFuUUIyOFRWRGU2dG1kaGF3WGxEVEkwWTNmc2JLdW5SWDEwRUNTZENuQm9iX1AyRVlnTDlQSjd1djY4a2dfaUpXMEQ0OFVPSTQ2VmJVbHpyOGVoM0d0cUFKZFU3WTQ?oc=5\" target=\"_blank\" rel=\"nofollow noopener\">F\u00e9rias de Ana Guiomar come\u00e7am com &#8216;perip\u00e9cias&#8217;: &#8220;Sem mala, sem biqu\u00edni, quase a perder o voo&#8221;<\/a>&nbsp;&nbsp;Fama Show<\/li>\n<\/ol>\n","protected":false},"excerpt":{"rendered":"Ana Guiomar: As f\u00e9rias de sonho na Cro\u00e1cia com companhia especial&nbsp;&nbsp;SAPO Lifestyle Ana Guiomar em destino paradis\u00edaco com&hellip;\n","protected":false},"author":2,"featured_media":54273,"comment_status":"","ping_status":"","sticky":false,"template":"","format":"standard","meta":{"footnotes":""},"categories":[85],"tags":[114,115,32,33],"class_list":{"0":"post-54272","1":"post","2":"type-post","3":"status-publish","4":"format-standard","5":"has-post-thumbnail","7":"category-entretenimento","8":"tag-entertainment","9":"tag-entretenimento","10":"tag-portugal","11":"tag-pt"},"share_on_mastodon":{"url":"","error":""},"_links":{"self":[{"href":"https:\/\/www.europesays.com\/pt\/wp-json\/wp\/v2\/posts\/54272","targetHints":{"allow":["GET"]}}],"collection":[{"href":"https:\/\/www.europesays.com\/pt\/wp-json\/wp\/v2\/posts"}],"about":[{"href":"https:\/\/www.europesays.com\/pt\/wp-json\/wp\/v2\/types\/post"}],"author":[{"embeddable":true,"href":"https:\/\/www.europesays.com\/pt\/wp-json\/wp\/v2\/users\/2"}],"replies":[{"embeddable":true,"href":"https:\/\/www.europesays.com\/pt\/wp-json\/wp\/v2\/comments?post=54272"}],"version-history":[{"count":0,"href":"https:\/\/www.europesays.com\/pt\/wp-json\/wp\/v2\/posts\/54272\/revisions"}],"wp:featuredmedia":[{"embeddable":true,"href":"https:\/\/www.europesays.com\/pt\/wp-json\/wp\/v2\/media\/54273"}],"wp:attachment":[{"href":"https:\/\/www.europesays.com\/pt\/wp-json\/wp\/v2\/media?parent=54272"}],"wp:term":[{"taxonomy":"category","embeddable":true,"href":"https:\/\/www.europesays.com\/pt\/wp-json\/wp\/v2\/categories?post=54272"},{"taxonomy":"post_tag","embeddable":true,"href":"https:\/\/www.europesays.com\/pt\/wp-json\/wp\/v2\/tags?post=54272"}],"curies":[{"name":"wp","href":"https:\/\/api.w.org\/{rel}","templated":true}]}}