{"id":54281,"date":"2025-09-01T17:00:11","date_gmt":"2025-09-01T17:00:11","guid":{"rendered":"https:\/\/www.europesays.com\/pt\/54281\/"},"modified":"2025-09-01T17:00:11","modified_gmt":"2025-09-01T17:00:11","slug":"secretaria-de-educacao-de-juazeiro-do-norte-divulga-os-quatro-livros-escolhidos-na-iv-edicao-do-projeto-eu-sou-autor-in","status":"publish","type":"post","link":"https:\/\/www.europesays.com\/pt\/54281\/","title":{"rendered":"Secretaria de Educa\u00e7\u00e3o de Juazeiro do Norte divulga os quatro livros escolhidos na IV edi\u00e7\u00e3o do projeto &#8220;Eu Sou Autor In"},"content":{"rendered":"<p>&#13;<\/p>\n<p>A Secretaria de Educa\u00e7\u00e3o de Juazeiro do Norte anunciou os quatro livros selecionados na quarta edi\u00e7\u00e3o do projeto &#8220;Eu Sou Autor Infantil&#8221;, uma iniciativa que valoriza a criatividade e revela talentos liter\u00e1rios, a imagina\u00e7\u00e3o e a voz das crian\u00e7as da Rede Municipal. Nesta edi\u00e7\u00e3o, foram 27 produ\u00e7\u00f5es inscritas, entre elas uma obra inclusiva que refor\u00e7a o compromisso da gest\u00e3o com a diversidade e a representatividade nas narrativas infantis.<\/p>\n<p>&#13;<br \/>\n&#13;<\/p>\n<p>Da EMEI Maria Francisca de Souza, foi escolhido o livro &#8220;Meu Titio Mudo&#8221;, de autoria da estudante Maria Elisa Santos de Souza, trazendo uma narrativa sens\u00edvel e inclusiva sobre viv\u00eancias familiares. J\u00e1 da EMEI Maria do Socorro Cruz, o aluno Joel \u00c2ngelo Salles de Oliveira apresentou a hist\u00f3ria &#8220;Um Menino Triste Sem o Pai&#8221;, que emocionou pela profundidade do tema abordado.<\/p>\n<p>&#13;<br \/>\n&#13;<\/p>\n<p>Na Escola Professora Nair Silva, duas obras foram selecionadas: &#8220;Iara&#8221;, da estudante Maria Giovanna Rodrigues da Silva, que encantou pela imagina\u00e7\u00e3o e delicadeza, e &#8220;Os Pintinhos do Papai&#8221;, criado por Luiz Gustavo da Silva Santos, uma narrativa l\u00fadica e criativa, que mostra o olhar espont\u00e2neo e divertido da inf\u00e2ncia.<\/p>\n<p>&#13;<br \/>\n&#13;<\/p>\n<p>As quatro produ\u00e7\u00f5es ser\u00e3o diagramadas e incorporadas ao acervo liter\u00e1rio das escolas municipais, permitindo que outras crian\u00e7as leiam, se inspirem e reconhe\u00e7am a pot\u00eancia da autoria infantil. A quarta edi\u00e7\u00e3o do projeto reafirma o compromisso da Educa\u00e7\u00e3o em Juazeiro do Norte com a valoriza\u00e7\u00e3o da inf\u00e2ncia, a diversidade e a forma\u00e7\u00e3o de novos leitores e escritores desde os primeiros anos escolares.<\/p>\n","protected":false},"excerpt":{"rendered":"&#13; A Secretaria de Educa\u00e7\u00e3o de Juazeiro do Norte anunciou os quatro livros selecionados na quarta edi\u00e7\u00e3o do&hellip;\n","protected":false},"author":2,"featured_media":54282,"comment_status":"","ping_status":"","sticky":false,"template":"","format":"standard","meta":{"footnotes":""},"categories":[143],"tags":[169,114,115,170,32,33],"class_list":{"0":"post-54281","1":"post","2":"type-post","3":"status-publish","4":"format-standard","5":"has-post-thumbnail","7":"category-livros","8":"tag-books","9":"tag-entertainment","10":"tag-entretenimento","11":"tag-livros","12":"tag-portugal","13":"tag-pt"},"share_on_mastodon":{"url":"","error":""},"_links":{"self":[{"href":"https:\/\/www.europesays.com\/pt\/wp-json\/wp\/v2\/posts\/54281","targetHints":{"allow":["GET"]}}],"collection":[{"href":"https:\/\/www.europesays.com\/pt\/wp-json\/wp\/v2\/posts"}],"about":[{"href":"https:\/\/www.europesays.com\/pt\/wp-json\/wp\/v2\/types\/post"}],"author":[{"embeddable":true,"href":"https:\/\/www.europesays.com\/pt\/wp-json\/wp\/v2\/users\/2"}],"replies":[{"embeddable":true,"href":"https:\/\/www.europesays.com\/pt\/wp-json\/wp\/v2\/comments?post=54281"}],"version-history":[{"count":0,"href":"https:\/\/www.europesays.com\/pt\/wp-json\/wp\/v2\/posts\/54281\/revisions"}],"wp:featuredmedia":[{"embeddable":true,"href":"https:\/\/www.europesays.com\/pt\/wp-json\/wp\/v2\/media\/54282"}],"wp:attachment":[{"href":"https:\/\/www.europesays.com\/pt\/wp-json\/wp\/v2\/media?parent=54281"}],"wp:term":[{"taxonomy":"category","embeddable":true,"href":"https:\/\/www.europesays.com\/pt\/wp-json\/wp\/v2\/categories?post=54281"},{"taxonomy":"post_tag","embeddable":true,"href":"https:\/\/www.europesays.com\/pt\/wp-json\/wp\/v2\/tags?post=54281"}],"curies":[{"name":"wp","href":"https:\/\/api.w.org\/{rel}","templated":true}]}}