{"id":54321,"date":"2025-09-01T17:30:09","date_gmt":"2025-09-01T17:30:09","guid":{"rendered":"https:\/\/www.europesays.com\/pt\/54321\/"},"modified":"2025-09-01T17:30:09","modified_gmt":"2025-09-01T17:30:09","slug":"fatima-surpreende-raquel-com-decisao-sobre-o-filho","status":"publish","type":"post","link":"https:\/\/www.europesays.com\/pt\/54321\/","title":{"rendered":"F\u00e1tima surpreende Raquel com decis\u00e3o sobre o filho"},"content":{"rendered":"\n<p class=\" content-text__container \" data-track-category=\"Link no Texto\" data-track-links=\"\"> Gr\u00e1vida de C\u00e9sar (<a class=\"\" href=\"https:\/\/oglobo.globo.com\/tudo-sobre\/personalidade\/caua-reymond\" rel=\"nofollow noopener\" target=\"_blank\">Cau\u00e3 Reymond<\/a>), ela ir\u00e1 at\u00e9 a empresa Paladar para conversar com Raquel (<a class=\"\" href=\"https:\/\/oglobo.globo.com\/tudo-sobre\/personalidade\/tais-araujo\" rel=\"nofollow noopener\" target=\"_blank\">Ta\u00eds Araujo<\/a>), que ficar\u00e1 emocionada ao escutar o cora\u00e7\u00e3o do neto. F\u00e1tima contar\u00e1 para a m\u00e3e que est\u00e1 pensando em chamar o filho de Salvador, em homenagem a seu av\u00f4. <\/p>\n<p class=\" content-text__container \" data-track-category=\"Link no Texto\" data-track-links=\"\"> Nos primeiros cap\u00edtulos da novela, Maria de F\u00e1tima brigou com o av\u00f4, que era um homem que prezava muito pela honestidade e pelos bons valores. A heran\u00e7a que ele deixou para a neta, uma casa em Foz do Igua\u00e7u, foi o ponto de partida para os acontecimentos da trama. F\u00e1tima vendeu a casa sem o conhecimento da m\u00e3e e se mudou para o Rio de Janeiro, deixando Raquel na rua. <\/p>\n","protected":false},"excerpt":{"rendered":"Gr\u00e1vida de C\u00e9sar (Cau\u00e3 Reymond), ela ir\u00e1 at\u00e9 a empresa Paladar para conversar com Raquel (Ta\u00eds Araujo), que&hellip;\n","protected":false},"author":2,"featured_media":54322,"comment_status":"","ping_status":"","sticky":false,"template":"","format":"standard","meta":{"footnotes":""},"categories":[142],"tags":[813,2813,1939,114,115,32,33,679,5456,151,2323,2154],"class_list":{"0":"post-54321","1":"post","2":"type-post","3":"status-publish","4":"format-standard","5":"has-post-thumbnail","7":"category-tv","8":"tag-atriz","9":"tag-bella-campos","10":"tag-caua-reymond","11":"tag-entertainment","12":"tag-entretenimento","13":"tag-portugal","14":"tag-pt","15":"tag-reportagem","16":"tag-tais-araujo","17":"tag-tv","18":"tag-tv-globo","19":"tag-vale-tudo"},"share_on_mastodon":{"url":"","error":""},"_links":{"self":[{"href":"https:\/\/www.europesays.com\/pt\/wp-json\/wp\/v2\/posts\/54321","targetHints":{"allow":["GET"]}}],"collection":[{"href":"https:\/\/www.europesays.com\/pt\/wp-json\/wp\/v2\/posts"}],"about":[{"href":"https:\/\/www.europesays.com\/pt\/wp-json\/wp\/v2\/types\/post"}],"author":[{"embeddable":true,"href":"https:\/\/www.europesays.com\/pt\/wp-json\/wp\/v2\/users\/2"}],"replies":[{"embeddable":true,"href":"https:\/\/www.europesays.com\/pt\/wp-json\/wp\/v2\/comments?post=54321"}],"version-history":[{"count":0,"href":"https:\/\/www.europesays.com\/pt\/wp-json\/wp\/v2\/posts\/54321\/revisions"}],"wp:featuredmedia":[{"embeddable":true,"href":"https:\/\/www.europesays.com\/pt\/wp-json\/wp\/v2\/media\/54322"}],"wp:attachment":[{"href":"https:\/\/www.europesays.com\/pt\/wp-json\/wp\/v2\/media?parent=54321"}],"wp:term":[{"taxonomy":"category","embeddable":true,"href":"https:\/\/www.europesays.com\/pt\/wp-json\/wp\/v2\/categories?post=54321"},{"taxonomy":"post_tag","embeddable":true,"href":"https:\/\/www.europesays.com\/pt\/wp-json\/wp\/v2\/tags?post=54321"}],"curies":[{"name":"wp","href":"https:\/\/api.w.org\/{rel}","templated":true}]}}