{"id":54365,"date":"2025-09-01T18:03:07","date_gmt":"2025-09-01T18:03:07","guid":{"rendered":"https:\/\/www.europesays.com\/pt\/54365\/"},"modified":"2025-09-01T18:03:07","modified_gmt":"2025-09-01T18:03:07","slug":"florentino-sai-e-manu-acelera-medio-do-benfica-ja-corre-no-relvado-benfica","status":"publish","type":"post","link":"https:\/\/www.europesays.com\/pt\/54365\/","title":{"rendered":"Florentino sai e Manu acelera: m\u00e9dio do Benfica j\u00e1 corre no relvado &#8211; Benfica"},"content":{"rendered":"<p>                    17:06<\/p>\n<p>Jogador d\u00e1 sinais positivos, mas antes de outubro n\u00e3o ser\u00e1 ainda op\u00e7\u00e3o para Lage<\/p>\n<p class=\"\">&#13;<br \/>\n        Florentino vai quebrar o v\u00ednculo com o Benfica e coloca um ponto final numa liga\u00e7\u00e3o que j\u00e1 levava 15 anos. Neste per\u00edodo, o m\u00e9dio esteve duas vezes cedido, ao Monaco e ao Getafe, mas nas \u00faltimas tr\u00eas temporadas foi sempre uma figura regular na equipa titular dos encarnados. No ver\u00e3o, a SAD contratou Enzo Barrenechea e Richard R\u00edos, que t\u00eam sido os habituais titulares, mas para atacar uma \u00e9poca t\u00e3o longa e com tantas competi\u00e7\u00f5es, as op\u00e7\u00f5es para jogar no meio-campo podem parecer curtas. No entanto, al\u00e9m de Aursnes tamb\u00e9m poder ocupar aquela zona do terreno, h\u00e1 outro &#8216;refor\u00e7o&#8217; a correr a passos largos para voltar a ser op\u00e7\u00e3o para Bruno Lage.\u00a0&#13;\n    <\/p>\n<p>                        Para ler TODOS OS ARTIGOS RECORD PREMIUM durante o dia 01.09.2025 insira o seu n\u00famero de telem\u00f3vel e clique em OK<\/p>\n<p>Consulte a aplica\u00e7\u00e3o MBway no seu telem\u00f3vel e aceite a transa\u00e7\u00e3o&#13;\n                    <\/p>\n<p>                        Os seus dados n\u00e3o ser\u00e3o guardados pelo Record<\/p>\n<p>                    Por Valter Marques<\/p>\n","protected":false},"excerpt":{"rendered":"17:06 Jogador d\u00e1 sinais positivos, mas antes de outubro n\u00e3o ser\u00e1 ainda op\u00e7\u00e3o para Lage &#13; Florentino vai&hellip;\n","protected":false},"author":2,"featured_media":54366,"comment_status":"","ping_status":"","sticky":false,"template":"","format":"standard","meta":{"footnotes":""},"categories":[87],"tags":[135,32,33,134],"class_list":{"0":"post-54365","1":"post","2":"type-post","3":"status-publish","4":"format-standard","5":"has-post-thumbnail","7":"category-desporto","8":"tag-desporto","9":"tag-portugal","10":"tag-pt","11":"tag-sports"},"share_on_mastodon":{"url":"","error":""},"_links":{"self":[{"href":"https:\/\/www.europesays.com\/pt\/wp-json\/wp\/v2\/posts\/54365","targetHints":{"allow":["GET"]}}],"collection":[{"href":"https:\/\/www.europesays.com\/pt\/wp-json\/wp\/v2\/posts"}],"about":[{"href":"https:\/\/www.europesays.com\/pt\/wp-json\/wp\/v2\/types\/post"}],"author":[{"embeddable":true,"href":"https:\/\/www.europesays.com\/pt\/wp-json\/wp\/v2\/users\/2"}],"replies":[{"embeddable":true,"href":"https:\/\/www.europesays.com\/pt\/wp-json\/wp\/v2\/comments?post=54365"}],"version-history":[{"count":0,"href":"https:\/\/www.europesays.com\/pt\/wp-json\/wp\/v2\/posts\/54365\/revisions"}],"wp:featuredmedia":[{"embeddable":true,"href":"https:\/\/www.europesays.com\/pt\/wp-json\/wp\/v2\/media\/54366"}],"wp:attachment":[{"href":"https:\/\/www.europesays.com\/pt\/wp-json\/wp\/v2\/media?parent=54365"}],"wp:term":[{"taxonomy":"category","embeddable":true,"href":"https:\/\/www.europesays.com\/pt\/wp-json\/wp\/v2\/categories?post=54365"},{"taxonomy":"post_tag","embeddable":true,"href":"https:\/\/www.europesays.com\/pt\/wp-json\/wp\/v2\/tags?post=54365"}],"curies":[{"name":"wp","href":"https:\/\/api.w.org\/{rel}","templated":true}]}}