{"id":54395,"date":"2025-09-01T18:30:13","date_gmt":"2025-09-01T18:30:13","guid":{"rendered":"https:\/\/www.europesays.com\/pt\/54395\/"},"modified":"2025-09-01T18:30:13","modified_gmt":"2025-09-01T18:30:13","slug":"jude-law-encara-papel-de-putin-sem-medo-no-festival-de-cinema-de-veneza","status":"publish","type":"post","link":"https:\/\/www.europesays.com\/pt\/54395\/","title":{"rendered":"Jude Law encara papel de Putin sem medo no Festival de Cinema de Veneza"},"content":{"rendered":"<p class=\"my-5 break-words group-[.isActiveSource]:text-xl\">Jude Law disse no domingo (31) que n\u00e3o teme repres\u00e1lias por interpretar o presidente russo, Vladimir Putin, em<strong class=\"group-[.isActiveSource]:text-xl group-[.isActiveSource]:font-bold\"> &#8220;The Wizard of the Kremlin&#8221;<\/strong> (&#8220;O Mago do Kremlin&#8221; em portugu\u00eas), filme que estreou no Festival de Cinema de Veneza e que oferece uma vis\u00e3o arrepiante e ficcional da ascens\u00e3o de Putin ao poder.<\/p>\n<p class=\"my-5 break-words group-[.isActiveSource]:text-xl\">&#8220;The Wizard of the Kremlin&#8221;, dirigido pelo franc\u00eas Olivier Assayas e tamb\u00e9m estrelado por Paul Dano, mostra Putin eliminando impiedosamente as pessoas que cruzam seu caminho.<\/p>\n<p class=\"my-5 break-words group-[.isActiveSource]:text-xl\">Perguntado por jornalistas se ele estava preocupado com uma poss\u00edvel retalia\u00e7\u00e3o por ter assumido o papel, <a href=\"https:\/\/www.cnnbrasil.com.br\/entretenimento\/jude-law-faz-revelacao-sobre-as-gravacoes-de-o-amor-nao-tira-ferias\/\" class=\"text-red-600 underline hover:text-red-500 font-medium break-words group-[.isActiveSource]:text-xl\" target=\"_self\" rel=\"nofollow noopener\">Law<\/a> disse: &#8220;Espero que n\u00e3o de forma ing\u00eanua, mas &#8230; Eu n\u00e3o temo repercuss\u00f5es&#8221;.<\/p>\n<p class=\"my-5 break-words group-[.isActiveSource]:text-xl\">O ator brit\u00e2nico acrescentou que o filme narrava a ascens\u00e3o obstinada de Putin &#8220;com nuance e considera\u00e7\u00e3o. N\u00e3o est\u00e1vamos procurando a controv\u00e9rsia pela controv\u00e9rsia&#8221;.<\/p>\n<p class=\"my-5 break-words group-[.isActiveSource]:text-xl\">Baseado no best-seller de Giuliano da Empoli, o filme imagina a vida de Vadim Baranov, um membro obscuro do Kremlin que passa de artista a produtor de televis\u00e3o antes de se tornar o m\u00e9dico de Putin.<\/p>\n<p class=\"my-5 break-words group-[.isActiveSource]:text-xl\">De seu escrit\u00f3rio no Kremlin, ele cria narrativas que misturam verdade e propaganda, f\u00e9 e manipula\u00e7\u00e3o, renunciando a seus valores para servir a seu mestre, que est\u00e1 determinado a restaurar a grandeza da R\u00fassia ap\u00f3s o colapso da Uni\u00e3o Sovi\u00e9tica.<\/p>\n<p>&#8220;Situa\u00e7\u00e3o assustadora e perigosa&#8221;<\/p>\n<p class=\"my-5 break-words group-[.isActiveSource]:text-xl\">Law disse que <strong class=\"group-[.isActiveSource]:text-xl group-[.isActiveSource]:font-bold\">evitou uma imita\u00e7\u00e3o estrita de Putin<\/strong>, mas mesmo assim tentou capturar a ess\u00eancia do homem. &#8220;\u00c9 incr\u00edvel o que uma boa peruca pode fazer&#8221;, brincou.<\/p>\n<p class=\"my-5 break-words group-[.isActiveSource]:text-xl\">&#8220;O lado complicado \u00e9 que a face p\u00fablica [de Putin] que vemos revela muito pouco&#8230; Senti o conflito de tentar mostrar muito pouco, mas sentir muito e retratar muito por dentro&#8221;, disse.<\/p>\n<p class=\"my-5 break-words group-[.isActiveSource]:text-xl\">Assayas, mais conhecido por filmes como &#8220;Carlos&#8221; (2010) e &#8220;Personal Shopper&#8221; (2016), disse que seu \u00faltimo filme repercutiu al\u00e9m da R\u00fassia.<\/p>\n<p class=\"my-5 break-words group-[.isActiveSource]:text-xl\">&#8220;Fizemos um filme sobre o que a pol\u00edtica se tornou e a situa\u00e7\u00e3o muito assustadora e perigosa em que todos n\u00f3s sentimos que estamos&#8221;, disse.<\/p>\n<p class=\"my-5 break-words group-[.isActiveSource]:text-xl\">&#8220;Pegamos o caso de Vladimir Putin, mas ele se aplica a muitos l\u00edderes autorit\u00e1rios. A pol\u00edtica mudou muito durante nossas vidas, e o que est\u00e1 acontecendo agora \u00e9 assustador&#8221;, acrescentou.<\/p>\n<p class=\"my-5 break-words group-[.isActiveSource]:text-xl\">O ator norte-americano Jeffrey Wright, que interpreta um escritor dos EUA no filme, disse que espera que o filme seja amplamente visto em seu pa\u00eds natal, que ele teme que possa perder seus ideais e aspira\u00e7\u00f5es.<\/p>\n<p class=\"my-5 break-words group-[.isActiveSource]:text-xl\">&#8220;Se isso for perdido, como est\u00e1 acontecendo agora, ent\u00e3o nos tornaremos o que vemos nesse filme&#8221;, disse ele.<\/p>\n<p class=\"my-5 break-words group-[.isActiveSource]:text-xl\">Dano, que interpreta o protagonista Baranov, disse que o projeto evitava r\u00f3tulos morais simples. &#8220;Se voc\u00ea simplesmente rotulasse um personagem como mau, seria uma simplifica\u00e7\u00e3o enorme&#8221;, disse ele. &#8220;Perguntar por que e olhar para o cinza, mesmo que seja assustador, \u00e9 melhor do que nos deixar ir cada vez mais longe no preto e branco.&#8221;<\/p>\n<p class=\"my-5 break-words group-[.isActiveSource]:text-xl\">&#8220;The Wizard of the Kremlin&#8221; \u00e9 um dos <a href=\"https:\/\/www.cnnbrasil.com.br\/entretenimento\/festival-de-veneza-comeca-nesta-quarta-conheca-os-filmes-o-juri-e-mais\/\" class=\"text-red-600 underline hover:text-red-500 font-medium break-words group-[.isActiveSource]:text-xl\" target=\"_self\" rel=\"nofollow noopener\">21 filmes que concorrem ao pr\u00eamio Le\u00e3o de Ouro<\/a>, que ser\u00e1 entregue em 6 de setembro.<\/p>\n<p>Veja os filmes que concorrem ao Le\u00e3o de Ouro<\/p>\n","protected":false},"excerpt":{"rendered":"Jude Law disse no domingo (31) que n\u00e3o teme repres\u00e1lias por interpretar o presidente russo, Vladimir Putin, em&hellip;\n","protected":false},"author":2,"featured_media":54396,"comment_status":"","ping_status":"","sticky":false,"template":"","format":"standard","meta":{"footnotes":""},"categories":[145],"tags":[211,210,114,115,32,33],"class_list":{"0":"post-54395","1":"post","2":"type-post","3":"status-publish","4":"format-standard","5":"has-post-thumbnail","7":"category-celebridades","8":"tag-celebridades","9":"tag-celebrities","10":"tag-entertainment","11":"tag-entretenimento","12":"tag-portugal","13":"tag-pt"},"share_on_mastodon":{"url":"","error":""},"_links":{"self":[{"href":"https:\/\/www.europesays.com\/pt\/wp-json\/wp\/v2\/posts\/54395","targetHints":{"allow":["GET"]}}],"collection":[{"href":"https:\/\/www.europesays.com\/pt\/wp-json\/wp\/v2\/posts"}],"about":[{"href":"https:\/\/www.europesays.com\/pt\/wp-json\/wp\/v2\/types\/post"}],"author":[{"embeddable":true,"href":"https:\/\/www.europesays.com\/pt\/wp-json\/wp\/v2\/users\/2"}],"replies":[{"embeddable":true,"href":"https:\/\/www.europesays.com\/pt\/wp-json\/wp\/v2\/comments?post=54395"}],"version-history":[{"count":0,"href":"https:\/\/www.europesays.com\/pt\/wp-json\/wp\/v2\/posts\/54395\/revisions"}],"wp:featuredmedia":[{"embeddable":true,"href":"https:\/\/www.europesays.com\/pt\/wp-json\/wp\/v2\/media\/54396"}],"wp:attachment":[{"href":"https:\/\/www.europesays.com\/pt\/wp-json\/wp\/v2\/media?parent=54395"}],"wp:term":[{"taxonomy":"category","embeddable":true,"href":"https:\/\/www.europesays.com\/pt\/wp-json\/wp\/v2\/categories?post=54395"},{"taxonomy":"post_tag","embeddable":true,"href":"https:\/\/www.europesays.com\/pt\/wp-json\/wp\/v2\/tags?post=54395"}],"curies":[{"name":"wp","href":"https:\/\/api.w.org\/{rel}","templated":true}]}}