{"id":54400,"date":"2025-09-01T18:36:04","date_gmt":"2025-09-01T18:36:04","guid":{"rendered":"https:\/\/www.europesays.com\/pt\/54400\/"},"modified":"2025-09-01T18:36:04","modified_gmt":"2025-09-01T18:36:04","slug":"benfica-contrata-jogadora-importante-do-real-madrid","status":"publish","type":"post","link":"https:\/\/www.europesays.com\/pt\/54400\/","title":{"rendered":"Benfica contrata jogadora importante do Real Madrid"},"content":{"rendered":"<p>A equipa feminina de futebol do <a class=\"autolink-enabled\" data-resource-id=\"26364\" data-resource-type=\"team\" data-sport=\"football\" href=\"https:\/\/www.abola.pt\/futebol\/benfica-fem-26364\" rel=\"nofollow noopener\" target=\"_blank\">Benfica<\/a> contratou Caroline Moller, m\u00e9dia-ofensiva internacional dinamarquesa, 26 anos, ao Real Madrid.<\/p>\n<p>A jogadora assinou contrato com as pentacampe\u00e3s at\u00e9 2027. \u00abEstou feliz, entusiasmada, muito entusiasmada mesmo. \u00c9 um novo come\u00e7o, e este \u00e9 um projeto desafiante, por isso estou entusiasmada por fazer parte dele, por voltar aos relvados e poder\u00a0mostrar as minhas qualidades em campo\u00bb, afirmou Caroline Moller, nas primeiras palavras \u00e0\u00a0BTV.<\/p>\n<p>\u00abObviamente que estou muito entusiasmada, pois este \u00e9 um grande clube, com um nome enorme.\u00a0Espero poder fazer coisas grandes pelo clube e ganhar alguns trof\u00e9us, ser\u00e1 bom\u00bb, frisou a jogadora, que falou sobre as suas qualidades.<\/p>\n<p>\u00abEu, como jogadora,\u00a0gosto de marcar golos e de assistir. Gosto de praticar um futebol ofensivo, gosto de ter a bola e de jogar futebol. Espero poder demonstrar isso no campo e contribuir com muitos golos e assist\u00eancias, e\u00a0que isso comece j\u00e1 neste fim de semana\u00bb, finalizou.<\/p>\n<p>Caroline Moller Hansen, como tamb\u00e9m \u00e9 conhecida em Espanha, apontou 27 golos em 123 jogos e quatro temporadas de Real Madrid, tendo sido uma das figuras da equipa merengue.<\/p>\n","protected":false},"excerpt":{"rendered":"A equipa feminina de futebol do Benfica contratou Caroline Moller, m\u00e9dia-ofensiva internacional dinamarquesa, 26 anos, ao Real Madrid.&hellip;\n","protected":false},"author":2,"featured_media":54401,"comment_status":"","ping_status":"","sticky":false,"template":"","format":"standard","meta":{"footnotes":""},"categories":[87],"tags":[135,32,33,134],"class_list":{"0":"post-54400","1":"post","2":"type-post","3":"status-publish","4":"format-standard","5":"has-post-thumbnail","7":"category-desporto","8":"tag-desporto","9":"tag-portugal","10":"tag-pt","11":"tag-sports"},"share_on_mastodon":{"url":"","error":""},"_links":{"self":[{"href":"https:\/\/www.europesays.com\/pt\/wp-json\/wp\/v2\/posts\/54400","targetHints":{"allow":["GET"]}}],"collection":[{"href":"https:\/\/www.europesays.com\/pt\/wp-json\/wp\/v2\/posts"}],"about":[{"href":"https:\/\/www.europesays.com\/pt\/wp-json\/wp\/v2\/types\/post"}],"author":[{"embeddable":true,"href":"https:\/\/www.europesays.com\/pt\/wp-json\/wp\/v2\/users\/2"}],"replies":[{"embeddable":true,"href":"https:\/\/www.europesays.com\/pt\/wp-json\/wp\/v2\/comments?post=54400"}],"version-history":[{"count":0,"href":"https:\/\/www.europesays.com\/pt\/wp-json\/wp\/v2\/posts\/54400\/revisions"}],"wp:featuredmedia":[{"embeddable":true,"href":"https:\/\/www.europesays.com\/pt\/wp-json\/wp\/v2\/media\/54401"}],"wp:attachment":[{"href":"https:\/\/www.europesays.com\/pt\/wp-json\/wp\/v2\/media?parent=54400"}],"wp:term":[{"taxonomy":"category","embeddable":true,"href":"https:\/\/www.europesays.com\/pt\/wp-json\/wp\/v2\/categories?post=54400"},{"taxonomy":"post_tag","embeddable":true,"href":"https:\/\/www.europesays.com\/pt\/wp-json\/wp\/v2\/tags?post=54400"}],"curies":[{"name":"wp","href":"https:\/\/api.w.org\/{rel}","templated":true}]}}