{"id":54406,"date":"2025-09-01T18:41:08","date_gmt":"2025-09-01T18:41:08","guid":{"rendered":"https:\/\/www.europesays.com\/pt\/54406\/"},"modified":"2025-09-01T18:41:08","modified_gmt":"2025-09-01T18:41:08","slug":"ucrania-kiev-considera-declaracao-da-cimeira-na-china-um-fracasso-para-a-russia","status":"publish","type":"post","link":"https:\/\/www.europesays.com\/pt\/54406\/","title":{"rendered":"Ucr\u00e2nia: Kiev considera declara\u00e7\u00e3o da cimeira na China &#8220;um fracasso&#8221; para a R\u00fassia"},"content":{"rendered":"<p>  <a href=\"https:\/\/www.euromaster.pt\/\" target=\"_blank\" rel=\"noopener noreferrer nofollow\">&#13;<br \/>\n    <img decoding=\"async\" src=\"https:\/\/www.europesays.com\/pt\/wp-content\/uploads\/2025\/09\/Automonitor_900x150-1.jpg\" alt=\"Euromaster\" style=\"max-width: 900px; width: 100%; height: auto; display: block; margin: 0 auto;\"\/>&#13;<br \/>\n  <\/a><\/p>\n<p>A Ucr\u00e2nia considerou hoje \u201cum fracasso\u201d para a R\u00fassia a aus\u00eancia de refer\u00eancias \u00e0 guerra no seu pa\u00eds na declara\u00e7\u00e3o final da cimeira da Organiza\u00e7\u00e3o de Coopera\u00e7\u00e3o de Xangai.<\/p>\n<p>O Minist\u00e9rio dos Neg\u00f3cios Estrangeiros ucraniano comentou em comunicado que a falta de men\u00e7\u00f5es ao conflito se deve a diverg\u00eancias com Moscovo entre a China, a \u00cdndia e outros pa\u00edses representados na reuni\u00e3o.<\/p>\n<p>\u201c\u00c9 evidente que Moscovo n\u00e3o conseguiu levar as posi\u00e7\u00f5es nacionais dos Estados participantes sobre o assunto a um denominador comum aceit\u00e1vel para a Federa\u00e7\u00e3o Russa\u201d, observou a diplomacia de Kiev.<\/p>\n<p>O comunicado assinala que os esfor\u00e7os diplom\u00e1ticos de Moscovo procuravam \u201cimpor a ideia de que pa\u00edses fora da Europa e da Am\u00e9rica do Norte\u201d apoiam a posi\u00e7\u00e3o do Kremlin na guerra, mas fracassaram.<\/p>\n<p>Ap\u00f3s a cimeira da Organiza\u00e7\u00e3o de Coopera\u00e7\u00e3o de Xangai realizada na cidade chinesa de Tianjin, um coletivo que inclui a R\u00fassia, a China, a \u00cdndia e outros pa\u00edses asi\u00e1ticos, o minist\u00e9rio ucraniano pediu a Pequim que se envolva mais numa solu\u00e7\u00e3o para o conflito.<\/p>\n<p>\u201cDado o importante papel geopol\u00edtico da Rep\u00fablica Popular da China, gostar\u00edamos que Pequim desempenhasse um papel mais ativo no restabelecimento da paz na Ucr\u00e2nia, com base no respeito pela Carta das Na\u00e7\u00f5es Unidas\u201d, apelou.<\/p>\n<p>Na sua declara\u00e7\u00e3o final, os pa\u00edses-membros da organiza\u00e7\u00e3o abordaram \u201camea\u00e7as e desafios \u00e0 seguran\u00e7a e estabilidade global\u201d, com refer\u00eancias ao M\u00e9dio Oriente, acompanhadas da exig\u00eancia de cessar-fogo e entrada de ajuda humanit\u00e1ria na Faixa de Gaza, mas evitaram comentar a invas\u00e3o russa da Ucr\u00e2nia.<\/p>\n<p>Durante a reuni\u00e3o, o Presidente russo, Vladimir Putin, voltou \u00e0 sua narrativa de atribuir as causas do conflito ao Ocidente, demarcando-se da sua responsabilidade ao lan\u00e7ar a invas\u00e3o no pa\u00eds vizinho h\u00e1 mais de tr\u00eas anos.<\/p>\n<p>\u201cEsta crise n\u00e3o foi desencadeada pelo ataque da R\u00fassia \u00e0 Ucr\u00e2nia. \u00c9 o resultado de um golpe de Estado na Ucr\u00e2nia, que foi apoiado e provocado pelo Ocidente\u201d, sustentou hoje.<\/p>\n<p>A declara\u00e7\u00e3o do l\u00edder do Kremlin aludia aos protestos pr\u00f3-Ocidente na pra\u00e7a Maidan, em Kiev, que em 2014 for\u00e7aram a queda do ent\u00e3o Presidente ucraniano pr\u00f3-russo, Viktor Yanukovych.<\/p>\n<p>Na sequ\u00eancia destes acontecimentos, Moscovo anexou a pen\u00ednsula da Crimeia e come\u00e7ou a apoiar grupos separatistas no leste da Ucr\u00e2nia, desencadeando um conflito que se prolongou por uma d\u00e9cada, antecedendo a invas\u00e3o em grande escala das for\u00e7as russas em fevereiro de 2022.<\/p>\n<p>\u201cA segunda causa da crise s\u00e3o as constantes tentativas do Ocidente de atrair a Ucr\u00e2nia para a NATO\u201d, acrescentou o chefe de Estado russo.<\/p>\n<p>Putin discursou perante os seus principais aliados: o hom\u00f3logo chin\u00eas, Xi Jinping, o primeiro-ministro indiano, Narendra Modi, e o Presidente iraniano, Massud Pezeshkian.<\/p>\n<p>\u201cValorizamos profundamente os esfor\u00e7os e as propostas da China, da \u00cdndia e de outros parceiros estrat\u00e9gicos para contribuir para a resolu\u00e7\u00e3o da crise ucraniana\u201d, afirmou Putin.<\/p>\n<p>As propostas de paz entre Moscovo e Kiev t\u00eam fracassado, apesar dos esfor\u00e7os do Presidente dos Estados Unidos, Donald Trump, para aproximar as partes.<\/p>\n<p>Putin exige que a Ucr\u00e2nia ceda territ\u00f3rios e renuncie ao apoio ocidental e \u00e0 ades\u00e3o \u00e0 NATO, condi\u00e7\u00f5es que Kiev considera inaceit\u00e1veis, reivindicando pelo seu lado um cessar-fogo imediato como ponto de partida para um acordo de paz, a ser salvaguardado por garantias de seguran\u00e7a que previnam um nova agress\u00e3o russa.<\/p>\n<p>\u00c0 margem da cimeira de Tianjin, Putin tinha previsto para hoje reuni\u00f5es com os presidentes da Turquia e do Ir\u00e3o e com o primeiro-ministro da \u00cdndia.<\/p>\n<p>O anfitri\u00e3o da cimeira, Xi Jinping, e o hom\u00f3logo russo dever\u00e3o ter um encontro bilateral na ter\u00e7a-feira, em Pequim.<\/p>\n","protected":false},"excerpt":{"rendered":"&#13; &#13; A Ucr\u00e2nia considerou hoje \u201cum fracasso\u201d para a R\u00fassia a aus\u00eancia de refer\u00eancias \u00e0 guerra no&hellip;\n","protected":false},"author":2,"featured_media":54407,"comment_status":"","ping_status":"","sticky":false,"template":"","format":"standard","meta":{"footnotes":""},"categories":[50],"tags":[27,28,15,16,14,25,26,21,22,62,12,13,19,20,23,24,17,18,29,30,31,63,64,65],"class_list":{"0":"post-54406","1":"post","2":"type-post","3":"status-publish","4":"format-standard","5":"has-post-thumbnail","7":"category-mundo","8":"tag-breaking-news","9":"tag-breakingnews","10":"tag-featured-news","11":"tag-featurednews","12":"tag-headlines","13":"tag-latest-news","14":"tag-latestnews","15":"tag-main-news","16":"tag-mainnews","17":"tag-mundo","18":"tag-news","19":"tag-noticias","20":"tag-noticias-principais","21":"tag-noticiasprincipais","22":"tag-principais-noticias","23":"tag-principaisnoticias","24":"tag-top-stories","25":"tag-topstories","26":"tag-ultimas","27":"tag-ultimas-noticias","28":"tag-ultimasnoticias","29":"tag-world","30":"tag-world-news","31":"tag-worldnews"},"share_on_mastodon":{"url":"","error":""},"_links":{"self":[{"href":"https:\/\/www.europesays.com\/pt\/wp-json\/wp\/v2\/posts\/54406","targetHints":{"allow":["GET"]}}],"collection":[{"href":"https:\/\/www.europesays.com\/pt\/wp-json\/wp\/v2\/posts"}],"about":[{"href":"https:\/\/www.europesays.com\/pt\/wp-json\/wp\/v2\/types\/post"}],"author":[{"embeddable":true,"href":"https:\/\/www.europesays.com\/pt\/wp-json\/wp\/v2\/users\/2"}],"replies":[{"embeddable":true,"href":"https:\/\/www.europesays.com\/pt\/wp-json\/wp\/v2\/comments?post=54406"}],"version-history":[{"count":0,"href":"https:\/\/www.europesays.com\/pt\/wp-json\/wp\/v2\/posts\/54406\/revisions"}],"wp:featuredmedia":[{"embeddable":true,"href":"https:\/\/www.europesays.com\/pt\/wp-json\/wp\/v2\/media\/54407"}],"wp:attachment":[{"href":"https:\/\/www.europesays.com\/pt\/wp-json\/wp\/v2\/media?parent=54406"}],"wp:term":[{"taxonomy":"category","embeddable":true,"href":"https:\/\/www.europesays.com\/pt\/wp-json\/wp\/v2\/categories?post=54406"},{"taxonomy":"post_tag","embeddable":true,"href":"https:\/\/www.europesays.com\/pt\/wp-json\/wp\/v2\/tags?post=54406"}],"curies":[{"name":"wp","href":"https:\/\/api.w.org\/{rel}","templated":true}]}}