{"id":54412,"date":"2025-09-01T18:44:11","date_gmt":"2025-09-01T18:44:11","guid":{"rendered":"https:\/\/www.europesays.com\/pt\/54412\/"},"modified":"2025-09-01T18:44:11","modified_gmt":"2025-09-01T18:44:11","slug":"novo-leo-dias-ana-maria-braga-choca-jornalista-com-descoberta-intima","status":"publish","type":"post","link":"https:\/\/www.europesays.com\/pt\/54412\/","title":{"rendered":"Novo Leo Dias? Ana Maria Braga choca jornalista com descoberta \u00edntima"},"content":{"rendered":"<p>\n                        Ana Maria Braga surpreendeu um jornalista no Mais Voc\u00ea ao descobrir algo \u00edntimo do profissional\n                    <\/p>\n<p class=\"text\">Na manh\u00e3 desta segunda-feira (1), <strong>Alessandro Jodar<\/strong>, jornalista esportivo da TV Globo, participou do <strong>Mais Voc\u00ea <\/strong>para falar sobre as \u00faltimas not\u00edcias do segmento. &#8220;Antes de falar dos esportes, ele tem uma not\u00edcia para dar&#8221;, declarou Ana Maria Braga.<\/p>\n<p><img loading=\"lazy\" decoding=\"async\" alt=\"Alessandro Jodar e Ana Maria Braga no Mais Voc\u00ea (Reprodu\u00e7\u00e3o\/TV Globo)\" class=\"img-6edb9bf033b1ba0c55d515e30b843c335lxw8i1s\" height=\"435\" src=\"https:\/\/www.europesays.com\/pt\/wp-content\/uploads\/2025\/09\/149977839-alessandro-jodar-e-ana-maria-braga-no-mais-voce.jpg\"  title=\"Alessandro Jodar e Ana Maria Braga no Mais Voc\u00ea (Reprodu\u00e7\u00e3o\/TV Globo)\" width=\"774\"\/><\/p>\n<p>Alessandro Jodar e Ana Maria Braga no Mais Voc\u00ea (Reprodu\u00e7\u00e3o\/TV Globo)<\/p>\n<p>Foto: Contigo<\/p>\n<p class=\"text\">&#8220;Eu tenho uma not\u00edcia para dar? Ou voc\u00ea j\u00e1 est\u00e1 a\u00ed com a plaquinha de &#8216;eu sabia&#8217;? Eu vou falar para voc\u00eas, hein. Ana Maria sabe muito das coisas. Antes at\u00e9 delas acontecerem. Voc\u00ea sabe do que a gente t\u00e1 falando, n\u00e9? Eu s\u00f3 n\u00e3o sei se voc\u00ea sabe o que a gente vai rodar agora&#8221;, apontou o rep\u00f3rter.<\/p>\n<p class=\"text\">&#8220;Ent\u00e3o, eu sei porque voc\u00ea me contou que separou uma coisa que eu n\u00e3o lembro que eu disse, mas eu lembro que eu j\u00e1 senti com rela\u00e7\u00e3o a esse assunto. Ent\u00e3o eu quero ver&#8221;, reagiu a apresentadora. &#8220;Ent\u00e3o t\u00e1. Vou fazer igual a Ana Maria, rodou!&#8221;, anunciou Jodar.<\/p>\n<p class=\"text\">O programa exibiu o trecho de uma edi\u00e7\u00e3o de meses atr\u00e1s na qual o jornalista aparece tocando viol\u00e3o. &#8220;Apresenta\u00e7\u00e3o especial do nosso amigo, jornalista, marido, pai, Jodar&#8221;, disse a loira na ocasi\u00e3o. &#8220;Pai Jodar?&#8221;, questionou o profissional, espantado com a cena do passado.<\/p>\n<p class=\"text\">&#8220;\u00c9, u\u00e9, eu senti naquela hora uma boa raz\u00e3o para dizer pai Jodar&#8221;, declarou Ana Maria. &#8220;Como se s\u00f3 eu e a Isa (esposa do global) que sab\u00edamos naquele dia?&#8221;, insistiu o rep\u00f3rter. &#8220;Voc\u00ea j\u00e1 sabia?&#8221;, indagou a artista. &#8220;Sim, tinha acabado de fazer aquele teste. N\u00e3o foi no mesmo dia, mas foi ali naquela semana&#8221;, assumiu o famoso.<\/p>\n<p class=\"text\">&#8220;Jura? Que louco, foi um sentimento, n\u00e3o sei explicar&#8221;, argumentou Ana. &#8220;Como \u00e9 que pode isso? Voc\u00ea viu isso, lourinho?&#8221;, perguntou Jodar para o <strong>Louro Man\u00e9<\/strong>. &#8220;Caraca, Ana Maria. Ela \u00e9 vidente, tem esse dom, esse poder&#8221;, brincou o papagaio. &#8220;N\u00e3o, alguma coisa assim vem na minha mente e a\u00ed eu falo&#8221;, justificou a <a href=\"https:\/\/www.instagram.com\/anamariabragaoficial\/?hl=pt-br\" target=\"_blank\" rel=\"nofollow noopener\">comunicadora<\/a>. &#8220;Fala assim, &#8216;Jodar milion\u00e1rio'&#8221;, brincou Alessandro, que ser\u00e1 pai.<\/p>\n<p>                            <script async src=\"\/\/www.instagram.com\/embed.js\"><\/script><\/p>\n","protected":false},"excerpt":{"rendered":"Ana Maria Braga surpreendeu um jornalista no Mais Voc\u00ea ao descobrir algo \u00edntimo do profissional Na manh\u00e3 desta&hellip;\n","protected":false},"author":2,"featured_media":54413,"comment_status":"","ping_status":"","sticky":false,"template":"","format":"standard","meta":{"footnotes":""},"categories":[145],"tags":[211,210,114,115,32,33],"class_list":{"0":"post-54412","1":"post","2":"type-post","3":"status-publish","4":"format-standard","5":"has-post-thumbnail","7":"category-celebridades","8":"tag-celebridades","9":"tag-celebrities","10":"tag-entertainment","11":"tag-entretenimento","12":"tag-portugal","13":"tag-pt"},"share_on_mastodon":{"url":"","error":""},"_links":{"self":[{"href":"https:\/\/www.europesays.com\/pt\/wp-json\/wp\/v2\/posts\/54412","targetHints":{"allow":["GET"]}}],"collection":[{"href":"https:\/\/www.europesays.com\/pt\/wp-json\/wp\/v2\/posts"}],"about":[{"href":"https:\/\/www.europesays.com\/pt\/wp-json\/wp\/v2\/types\/post"}],"author":[{"embeddable":true,"href":"https:\/\/www.europesays.com\/pt\/wp-json\/wp\/v2\/users\/2"}],"replies":[{"embeddable":true,"href":"https:\/\/www.europesays.com\/pt\/wp-json\/wp\/v2\/comments?post=54412"}],"version-history":[{"count":0,"href":"https:\/\/www.europesays.com\/pt\/wp-json\/wp\/v2\/posts\/54412\/revisions"}],"wp:featuredmedia":[{"embeddable":true,"href":"https:\/\/www.europesays.com\/pt\/wp-json\/wp\/v2\/media\/54413"}],"wp:attachment":[{"href":"https:\/\/www.europesays.com\/pt\/wp-json\/wp\/v2\/media?parent=54412"}],"wp:term":[{"taxonomy":"category","embeddable":true,"href":"https:\/\/www.europesays.com\/pt\/wp-json\/wp\/v2\/categories?post=54412"},{"taxonomy":"post_tag","embeddable":true,"href":"https:\/\/www.europesays.com\/pt\/wp-json\/wp\/v2\/tags?post=54412"}],"curies":[{"name":"wp","href":"https:\/\/api.w.org\/{rel}","templated":true}]}}