{"id":54418,"date":"2025-09-01T18:50:07","date_gmt":"2025-09-01T18:50:07","guid":{"rendered":"https:\/\/www.europesays.com\/pt\/54418\/"},"modified":"2025-09-01T18:50:07","modified_gmt":"2025-09-01T18:50:07","slug":"benfica-continua-ataque-ao-mercado-e-tenta-desviar-jogador-do-fc-porto","status":"publish","type":"post","link":"https:\/\/www.europesays.com\/pt\/54418\/","title":{"rendered":"Benfica continua ataque ao mercado e tenta desviar jogador do FC Porto"},"content":{"rendered":"<p><strong>O Benfica est\u00e1 interessado na contrata\u00e7\u00e3o de Manor Solomon. O extremo pertence aos quadros do Tottenham, equipa da Premier League.<\/strong><\/p>\n<p>Manor Solomon \u00e9 o mais recente alvo do Benfica neste mercado de transfer\u00eancias. De acordo com o jornalista Rudy Galetti, o conjunto da Luz j\u00e1 tem inclusivamente um avi\u00e3o pronto para trazer o extremo para Lisboa neste \u00faltimo dia de mercado.<\/p>\n<p>O israelita tem 26 anos e na \u00faltima temporada esteve cedido ao Leeds United, onde foi um dos destaques, com 41 encontro, 11 golos e 13 assist\u00eancias, ajudando o hist\u00f3rico ingl\u00eas a regressar \u00e0 Premier League. O seu contrato com o Tottenham termina em junho de 2028.<\/p>\n<p>Manor Solomon pode ser assim o sucessor de Kerem Akturkoglu no plantel do Benfica, <a href=\"https:\/\/bolanarede.pt\/especial-bola-na-rede\/atualidade\/kerem-akturkoglu-deixa-farpa-para-o-galatasaray-a-chegada-a-istambul-e-fala-dos-ultimos-tempos-queria-muito-isto\/\" target=\"_blank\" rel=\"noreferrer noopener nofollow\">ocupando a vaga deixada pelo extremo que rumou ao Fenerbah\u00e7e<\/a>. <\/p>\n<p>O jogador tamb\u00e9m est\u00e1 a ser associado ao FC Porto, podendo existir uma batalha <a href=\"https:\/\/bolanarede.pt\/especial-bola-na-rede\/atualidade\/fc-porto-interessado-na-contratacao-de-manor-solomon-e-com-rival-na-premier-league\/\" target=\"_blank\" rel=\"noreferrer noopener nofollow\">entre os dois clubes no fecho da janela de transfer\u00eancias<\/a>.<\/p>\n","protected":false},"excerpt":{"rendered":"O Benfica est\u00e1 interessado na contrata\u00e7\u00e3o de Manor Solomon. O extremo pertence aos quadros do Tottenham, equipa da&hellip;\n","protected":false},"author":2,"featured_media":54419,"comment_status":"","ping_status":"","sticky":false,"template":"","format":"standard","meta":{"footnotes":""},"categories":[87],"tags":[260,51,135,478,282,15685,32,479,33,134,3975],"class_list":{"0":"post-54418","1":"post","2":"type-post","3":"status-publish","4":"format-standard","5":"has-post-thumbnail","7":"category-desporto","8":"tag-atualidade","9":"tag-benfica","10":"tag-desporto","11":"tag-destaques-bnr","12":"tag-fc-porto","13":"tag-manor-solomon","14":"tag-portugal","15":"tag-primeira-liga","16":"tag-pt","17":"tag-sports","18":"tag-tottenham"},"share_on_mastodon":{"url":"","error":""},"_links":{"self":[{"href":"https:\/\/www.europesays.com\/pt\/wp-json\/wp\/v2\/posts\/54418","targetHints":{"allow":["GET"]}}],"collection":[{"href":"https:\/\/www.europesays.com\/pt\/wp-json\/wp\/v2\/posts"}],"about":[{"href":"https:\/\/www.europesays.com\/pt\/wp-json\/wp\/v2\/types\/post"}],"author":[{"embeddable":true,"href":"https:\/\/www.europesays.com\/pt\/wp-json\/wp\/v2\/users\/2"}],"replies":[{"embeddable":true,"href":"https:\/\/www.europesays.com\/pt\/wp-json\/wp\/v2\/comments?post=54418"}],"version-history":[{"count":0,"href":"https:\/\/www.europesays.com\/pt\/wp-json\/wp\/v2\/posts\/54418\/revisions"}],"wp:featuredmedia":[{"embeddable":true,"href":"https:\/\/www.europesays.com\/pt\/wp-json\/wp\/v2\/media\/54419"}],"wp:attachment":[{"href":"https:\/\/www.europesays.com\/pt\/wp-json\/wp\/v2\/media?parent=54418"}],"wp:term":[{"taxonomy":"category","embeddable":true,"href":"https:\/\/www.europesays.com\/pt\/wp-json\/wp\/v2\/categories?post=54418"},{"taxonomy":"post_tag","embeddable":true,"href":"https:\/\/www.europesays.com\/pt\/wp-json\/wp\/v2\/tags?post=54418"}],"curies":[{"name":"wp","href":"https:\/\/api.w.org\/{rel}","templated":true}]}}