{"id":54424,"date":"2025-09-01T18:55:09","date_gmt":"2025-09-01T18:55:09","guid":{"rendered":"https:\/\/www.europesays.com\/pt\/54424\/"},"modified":"2025-09-01T18:55:09","modified_gmt":"2025-09-01T18:55:09","slug":"ucrania-ex-presidente-ucraniano-reaparece-para-elogiar-putin-e-criticar-ue","status":"publish","type":"post","link":"https:\/\/www.europesays.com\/pt\/54424\/","title":{"rendered":"Ucr\u00e2nia: Ex-presidente ucraniano reaparece para elogiar Putin e criticar UE"},"content":{"rendered":"<p>  <a href=\"https:\/\/www.euromaster.pt\/\" target=\"_blank\" rel=\"noopener noreferrer nofollow\">&#13;<br \/>\n    <img decoding=\"async\" src=\"https:\/\/www.europesays.com\/pt\/wp-content\/uploads\/2025\/09\/Automonitor_900x150-1.jpg\" alt=\"Euromaster\" style=\"max-width: 900px; width: 100%; height: auto; display: block; margin: 0 auto;\"\/>&#13;<br \/>\n  <\/a><\/p>\n<p>O ex-presidente ucraniano Viktor Yanukovych, deposto em 2014 e exilado na R\u00fassia, reapareceu hoje para apoiar o Presidente russo e criticar os l\u00edderes europeus que n\u00e3o perceberam que apoiava a ades\u00e3o \u00e0 Uni\u00e3o Europeia (UE).<\/p>\n<p>\u201cEu trabalhava para aproximar a Ucr\u00e2nia e a UE. O meu objetivo final era a ades\u00e3o da Ucr\u00e2nia \u00e0 UE\u201d, afirmou Yanukovych num v\u00eddeo divulgado pela ag\u00eancia noticiosa russa RIA Novosti que se tornou viral nas redes sociais.<\/p>\n<p>O ex-presidente ucraniano, de 75 anos, que rompeu um longo sil\u00eancio, elogiou Vladimir Putin e criticou os l\u00edderes europeus da \u00e9poca por \u201cse terem comportado de uma forma (\u2026) inadequada\u201d, segundo a ag\u00eancia de not\u00edcias espanhola EFE.<\/p>\n<p>\u201cEles n\u00e3o demonstraram qualquer compreens\u00e3o das complexidades da situa\u00e7\u00e3o econ\u00f3mica na Ucr\u00e2nia. Vou ser claro, eles demonstraram a sua arrog\u00e2ncia\u201d, afirmou sobre os l\u00edderes da UE, cuja Comiss\u00e3o Europeia era presidida na altura por Jos\u00e9 Manuel Dur\u00e3o Barroso.<\/p>\n<p>Yanukovych disse que, enquanto ocupou a presid\u00eancia, de fevereiro de 2010 a fevereiro de 2014, quando foi deposto ap\u00f3s 93 dias de intensos protestos, controlou e impulsionou o processo de ades\u00e3o da Ucr\u00e2nia \u00e0 UE.<\/p>\n<p>\u201cMas sempre me opus de forma categ\u00f3rica e firme \u00e0 ades\u00e3o da Ucr\u00e2nia \u00e0 NATO. Sempre soube muito claramente que isso seria catastr\u00f3fico para a Ucr\u00e2nia. \u00c9 um caminho para lugar nenhum. Um caminho direto para uma guerra civil\u201d, concluiu.<\/p>\n<p>Os protestos come\u00e7aram em novembro de 2013, quando Yanukovych se recusou a assinar um acordo de associa\u00e7\u00e3o com a UE em favor de uma maior integra\u00e7\u00e3o econ\u00f3mica com a R\u00fassia.<\/p>\n<p>A contesta\u00e7\u00e3o que levou \u00e0 destitui\u00e7\u00e3o de Yanukovych ficou conhecida como Revolu\u00e7\u00e3o Euromaidan, numa alus\u00e3o \u00e0 exig\u00eancia dos manifestantes da integra\u00e7\u00e3o europeia e \u00e0 Pra\u00e7a (Maidan, em ucraniano) da Independ\u00eancia, onde se centraram os protestos.<\/p>\n<p>Putin afirmou hoje na cimeira da Organiza\u00e7\u00e3o de Coopera\u00e7\u00e3o de Xangai que \u201cas tentativas do Ocidente de incorporar a Ucr\u00e2nia na NATO\u201d eram uma das causas da crise entre a R\u00fassia e o pa\u00eds vizinho.<\/p>\n<p>O Presidente da R\u00fassia afirmou que o conflito com a Ucr\u00e2nia \u201cn\u00e3o surgiu como resultado de um ataque, mas do golpe de Estado\u201d contra Yanukovych.<\/p>\n<p>Putin disse que era necess\u00e1rio \u201celiminar as causas originais do conflito para alcan\u00e7ar uma solu\u00e7\u00e3o duradoura e sustent\u00e1vel\u201d, assinalando que \u201cnenhum pa\u00eds pode garantir a seguran\u00e7a \u00e0 custa de outro\u201d.<\/p>\n<p>Yanukovych foi condenado \u00e0 revelia na Ucr\u00e2nia a 13 anos de pris\u00e3o em 2019 por alta trai\u00e7\u00e3o e cumplicidade na agress\u00e3o militar da R\u00fassia em 2014.<\/p>\n<p>A interven\u00e7\u00e3o de Moscovo resultou na anexa\u00e7\u00e3o da Crimeia e no apoio \u00e0 revolta pr\u00f3-russa nas regi\u00f5es de Donetsk e Lugansk, no leste da Ucr\u00e2nia, em mar\u00e7o e abril de 2014.<\/p>\n<p>J\u00e1 depois de ter invadido a Ucr\u00e2nia em fevereiro de 2022, a R\u00fassia anexou Donetsk e Lugansk, bem como Zaporijia e Kherson, ocupando atualmente cerca de 20% do territ\u00f3rio ucraniano.<\/p>\n","protected":false},"excerpt":{"rendered":"&#13; &#13; O ex-presidente ucraniano Viktor Yanukovych, deposto em 2014 e exilado na R\u00fassia, reapareceu hoje para apoiar&hellip;\n","protected":false},"author":2,"featured_media":54425,"comment_status":"","ping_status":"","sticky":false,"template":"","format":"standard","meta":{"footnotes":""},"categories":[50],"tags":[27,28,15,16,14,25,26,21,22,62,12,13,19,20,23,24,17,18,29,30,31,63,64,65],"class_list":{"0":"post-54424","1":"post","2":"type-post","3":"status-publish","4":"format-standard","5":"has-post-thumbnail","7":"category-mundo","8":"tag-breaking-news","9":"tag-breakingnews","10":"tag-featured-news","11":"tag-featurednews","12":"tag-headlines","13":"tag-latest-news","14":"tag-latestnews","15":"tag-main-news","16":"tag-mainnews","17":"tag-mundo","18":"tag-news","19":"tag-noticias","20":"tag-noticias-principais","21":"tag-noticiasprincipais","22":"tag-principais-noticias","23":"tag-principaisnoticias","24":"tag-top-stories","25":"tag-topstories","26":"tag-ultimas","27":"tag-ultimas-noticias","28":"tag-ultimasnoticias","29":"tag-world","30":"tag-world-news","31":"tag-worldnews"},"share_on_mastodon":{"url":"","error":""},"_links":{"self":[{"href":"https:\/\/www.europesays.com\/pt\/wp-json\/wp\/v2\/posts\/54424","targetHints":{"allow":["GET"]}}],"collection":[{"href":"https:\/\/www.europesays.com\/pt\/wp-json\/wp\/v2\/posts"}],"about":[{"href":"https:\/\/www.europesays.com\/pt\/wp-json\/wp\/v2\/types\/post"}],"author":[{"embeddable":true,"href":"https:\/\/www.europesays.com\/pt\/wp-json\/wp\/v2\/users\/2"}],"replies":[{"embeddable":true,"href":"https:\/\/www.europesays.com\/pt\/wp-json\/wp\/v2\/comments?post=54424"}],"version-history":[{"count":0,"href":"https:\/\/www.europesays.com\/pt\/wp-json\/wp\/v2\/posts\/54424\/revisions"}],"wp:featuredmedia":[{"embeddable":true,"href":"https:\/\/www.europesays.com\/pt\/wp-json\/wp\/v2\/media\/54425"}],"wp:attachment":[{"href":"https:\/\/www.europesays.com\/pt\/wp-json\/wp\/v2\/media?parent=54424"}],"wp:term":[{"taxonomy":"category","embeddable":true,"href":"https:\/\/www.europesays.com\/pt\/wp-json\/wp\/v2\/categories?post=54424"},{"taxonomy":"post_tag","embeddable":true,"href":"https:\/\/www.europesays.com\/pt\/wp-json\/wp\/v2\/tags?post=54424"}],"curies":[{"name":"wp","href":"https:\/\/api.w.org\/{rel}","templated":true}]}}