{"id":54426,"date":"2025-09-01T18:56:07","date_gmt":"2025-09-01T18:56:07","guid":{"rendered":"https:\/\/www.europesays.com\/pt\/54426\/"},"modified":"2025-09-01T18:56:07","modified_gmt":"2025-09-01T18:56:07","slug":"incendio-deflagrou-em-empresa-de-cartonagem-em-sao-joao-da-madeira","status":"publish","type":"post","link":"https:\/\/www.europesays.com\/pt\/54426\/","title":{"rendered":"Inc\u00eandio deflagrou em empresa de cartonagem em S\u00e3o Jo\u00e3o da Madeira"},"content":{"rendered":"<p>O alerta foi dado por volta das 17.05 horas, tendo ocorrido ao local os Bombeiros Volunt\u00e1rios de S. Jo\u00e3o da Madeira, Vale de Cambra e Santa Maria da Feira. As chamas j\u00e1 foram extintas, sendo que apenas os pain\u00e9is solares no topo do edif\u00edcio foram danificados.<\/p>\n<p data-remotead-prev-elm=\"true\" data-remotead-elm-id=\"inread\">Ainda n\u00e3o foi poss\u00edvel apurar as causas do inc\u00eandio, sendo que estiveram no local cerca de 50 operacionais, distribu\u00eddos por 18 ve\u00edculos.<\/p>\n","protected":false},"excerpt":{"rendered":"O alerta foi dado por volta das 17.05 horas, tendo ocorrido ao local os Bombeiros Volunt\u00e1rios de S.&hellip;\n","protected":false},"author":2,"featured_media":54427,"comment_status":"","ping_status":"","sticky":false,"template":"","format":"standard","meta":{"footnotes":""},"categories":[10],"tags":[27,28,15,16,14,25,26,21,22,12,13,19,20,32,23,24,33,17,18,29,30,31],"class_list":{"0":"post-54426","1":"post","2":"type-post","3":"status-publish","4":"format-standard","5":"has-post-thumbnail","7":"category-portugal","8":"tag-breaking-news","9":"tag-breakingnews","10":"tag-featured-news","11":"tag-featurednews","12":"tag-headlines","13":"tag-latest-news","14":"tag-latestnews","15":"tag-main-news","16":"tag-mainnews","17":"tag-news","18":"tag-noticias","19":"tag-noticias-principais","20":"tag-noticiasprincipais","21":"tag-portugal","22":"tag-principais-noticias","23":"tag-principaisnoticias","24":"tag-pt","25":"tag-top-stories","26":"tag-topstories","27":"tag-ultimas","28":"tag-ultimas-noticias","29":"tag-ultimasnoticias"},"share_on_mastodon":{"url":"","error":""},"_links":{"self":[{"href":"https:\/\/www.europesays.com\/pt\/wp-json\/wp\/v2\/posts\/54426","targetHints":{"allow":["GET"]}}],"collection":[{"href":"https:\/\/www.europesays.com\/pt\/wp-json\/wp\/v2\/posts"}],"about":[{"href":"https:\/\/www.europesays.com\/pt\/wp-json\/wp\/v2\/types\/post"}],"author":[{"embeddable":true,"href":"https:\/\/www.europesays.com\/pt\/wp-json\/wp\/v2\/users\/2"}],"replies":[{"embeddable":true,"href":"https:\/\/www.europesays.com\/pt\/wp-json\/wp\/v2\/comments?post=54426"}],"version-history":[{"count":0,"href":"https:\/\/www.europesays.com\/pt\/wp-json\/wp\/v2\/posts\/54426\/revisions"}],"wp:featuredmedia":[{"embeddable":true,"href":"https:\/\/www.europesays.com\/pt\/wp-json\/wp\/v2\/media\/54427"}],"wp:attachment":[{"href":"https:\/\/www.europesays.com\/pt\/wp-json\/wp\/v2\/media?parent=54426"}],"wp:term":[{"taxonomy":"category","embeddable":true,"href":"https:\/\/www.europesays.com\/pt\/wp-json\/wp\/v2\/categories?post=54426"},{"taxonomy":"post_tag","embeddable":true,"href":"https:\/\/www.europesays.com\/pt\/wp-json\/wp\/v2\/tags?post=54426"}],"curies":[{"name":"wp","href":"https:\/\/api.w.org\/{rel}","templated":true}]}}