{"id":54434,"date":"2025-09-01T19:09:08","date_gmt":"2025-09-01T19:09:08","guid":{"rendered":"https:\/\/www.europesays.com\/pt\/54434\/"},"modified":"2025-09-01T19:09:08","modified_gmt":"2025-09-01T19:09:08","slug":"harder-fechado-no-rb-leipzig-negocio-pode-atingir-30-milhoes-de-euros","status":"publish","type":"post","link":"https:\/\/www.europesays.com\/pt\/54434\/","title":{"rendered":"Harder fechado no RB Leipzig: neg\u00f3cio pode atingir 30 milh\u00f5es de euros"},"content":{"rendered":"<p>O Sporting fechou nas \u00faltimas horas a transfer\u00eancia em definitivo de Conrad Harder para o RB Leipzig, num neg\u00f3cio que, segundo apurou o Maisfutebol, pode chegar aos 30 milh\u00f5es de euros.<\/p>\n<p>O clube alem\u00e3o vai pagar 24 milh\u00f5es de euros fixos, com outros seis milh\u00f5es de euros vari\u00e1veis, pelo jovem avan\u00e7ado dinamarqu\u00eas de 20 anos.<\/p>\n<p>Os le\u00f5es asseguram ainda 15% de mais-valia numa futura venda do jogador, que, recorde-se, nos \u00faltimos dias tamb\u00e9m negociou com os italianos do Milan e os franceses do Rennes.<\/p>\n<p>Conrad Harder chegou ao Sporting na temporada passada, a troco de 19 milh\u00f5es de euros, com outros 3 milh\u00f5es de euros vari\u00e1veis. Ao todo, fez 52 jogos oficiais e anotou 12 golos e sete assist\u00eancias.<\/p>\n","protected":false},"excerpt":{"rendered":"O Sporting fechou nas \u00faltimas horas a transfer\u00eancia em definitivo de Conrad Harder para o RB Leipzig, num&hellip;\n","protected":false},"author":2,"featured_media":54435,"comment_status":"","ping_status":"","sticky":false,"template":"","format":"standard","meta":{"footnotes":""},"categories":[87],"tags":[4929,135,1065,46,42,32,33,47,1850,34,134,35],"class_list":{"0":"post-54434","1":"post","2":"type-post","3":"status-publish","4":"format-standard","5":"has-post-thumbnail","7":"category-desporto","8":"tag-conrad-harder","9":"tag-desporto","10":"tag-harder","11":"tag-maisfutebol","12":"tag-mercado","13":"tag-portugal","14":"tag-pt","15":"tag-pura-paixao","16":"tag-rb-leipzig","17":"tag-sporting","18":"tag-sports","19":"tag-transferencias"},"share_on_mastodon":{"url":"","error":""},"_links":{"self":[{"href":"https:\/\/www.europesays.com\/pt\/wp-json\/wp\/v2\/posts\/54434","targetHints":{"allow":["GET"]}}],"collection":[{"href":"https:\/\/www.europesays.com\/pt\/wp-json\/wp\/v2\/posts"}],"about":[{"href":"https:\/\/www.europesays.com\/pt\/wp-json\/wp\/v2\/types\/post"}],"author":[{"embeddable":true,"href":"https:\/\/www.europesays.com\/pt\/wp-json\/wp\/v2\/users\/2"}],"replies":[{"embeddable":true,"href":"https:\/\/www.europesays.com\/pt\/wp-json\/wp\/v2\/comments?post=54434"}],"version-history":[{"count":0,"href":"https:\/\/www.europesays.com\/pt\/wp-json\/wp\/v2\/posts\/54434\/revisions"}],"wp:featuredmedia":[{"embeddable":true,"href":"https:\/\/www.europesays.com\/pt\/wp-json\/wp\/v2\/media\/54435"}],"wp:attachment":[{"href":"https:\/\/www.europesays.com\/pt\/wp-json\/wp\/v2\/media?parent=54434"}],"wp:term":[{"taxonomy":"category","embeddable":true,"href":"https:\/\/www.europesays.com\/pt\/wp-json\/wp\/v2\/categories?post=54434"},{"taxonomy":"post_tag","embeddable":true,"href":"https:\/\/www.europesays.com\/pt\/wp-json\/wp\/v2\/tags?post=54434"}],"curies":[{"name":"wp","href":"https:\/\/api.w.org\/{rel}","templated":true}]}}