{"id":54438,"date":"2025-09-01T19:12:09","date_gmt":"2025-09-01T19:12:09","guid":{"rendered":"https:\/\/www.europesays.com\/pt\/54438\/"},"modified":"2025-09-01T19:12:09","modified_gmt":"2025-09-01T19:12:09","slug":"safra-australiana-de-graos-de-inverno-cresce-2","status":"publish","type":"post","link":"https:\/\/www.europesays.com\/pt\/54438\/","title":{"rendered":"Safra australiana de gr\u00e3os de inverno cresce 2%"},"content":{"rendered":"<p>                                                                                                        &#13;<\/p>\n<p>                                            <img decoding=\"async\" class=\"object-cover w-[100%] h-[100%]\" src=\"https:\/\/www.europesays.com\/pt\/wp-content\/uploads\/2025\/09\/577a03a8-b291-40c3-b912-2c0f4f6faae1.jpg\"\/><\/p>\n<p>                                                &#13;<br \/>\n                                                    &#13;<\/p>\n<p>                                    &#13;<\/p>\n<p class=\"text-[22px] leading-[1.4]    mt-[16px]   mb-[16px] \" style=\"padding-left: 0px;\">&#13;<br \/>\n                                    A safra de gr\u00e3os de inverno da Austr\u00e1lia em 2025\/26 deve atingir 62 milh\u00f5es de toneladas, alta de 2% em rela\u00e7\u00e3o ao ciclo anterior. Ser\u00e1 a terceira maior produ\u00e7\u00e3o j\u00e1 registrada, segundo o relat\u00f3rio do Escrit\u00f3rio Australiano de Economia e Ci\u00eancias Agr\u00edcolas e de Recursos (Abares).&#13;\n                                <\/p>\n<p class=\"text-[22px] leading-[1.4]    mt-[16px]   mb-[16px] \" style=\"padding-left: 0px;\">&#13;<br \/>\n                                    O crescimento reflete a recupera\u00e7\u00e3o das lavouras em estados como Austr\u00e1lia Ocidental, Austr\u00e1lia Meridional e Vit\u00f3ria. Chuvas em julho e agosto garantiram umidade suficiente para a germina\u00e7\u00e3o, mesmo com o atraso de tr\u00eas a quatro semanas no desenvolvimento das plantas.&#13;\n                                <\/p>\n<p class=\"text-[22px] leading-[1.4]    mt-[16px]   mb-[16px] \" style=\"padding-left: 0px;\">&#13;<br \/>\n                                    As regi\u00f5es do norte de Nova Gales do Sul e Queensland apresentam bom desempenho. Nessas \u00e1reas, a umidade no solo manteve-se adequada. J\u00e1 o sul de Nova Gales do Sul segue com chuvas irregulares. As lavouras precisam de mais precipita\u00e7\u00e3o na primavera para garantir o potencial de produtividade.&#13;\n                                <\/p>\n<p class=\"text-[22px] leading-[1.4]    mt-[16px]   mb-[16px] \" style=\"padding-left: 0px;\">&#13;<br \/>\n                                    A produ\u00e7\u00e3o de trigo deve cair 1%, para 33,8 milh\u00f5es de toneladas. Mesmo assim, esse volume supera em 22% a m\u00e9dia dos \u00faltimos dez anos. A cevada deve crescer 10%, para 14,6 milh\u00f5es de toneladas. A canola avan\u00e7a 1%, alcan\u00e7ando 6,4 milh\u00f5es de toneladas. A lentilha tem a maior alta proporcional, com 34% de aumento e produ\u00e7\u00e3o estimada em 1,7 milh\u00e3o de toneladas, novo recorde. A \u00e1rea plantada atingiu n\u00edvel hist\u00f3rico.&#13;\n                                <\/p>\n<p class=\"text-[22px] leading-[1.4]    mt-[16px]   mb-[16px] \" style=\"padding-left: 0px;\">&#13;<br \/>\n                                    A produ\u00e7\u00e3o de gr\u00e3o-de-bico deve recuar 7%, totalizando 2,1 milh\u00f5es de toneladas. O aumento de \u00e1rea n\u00e3o ser\u00e1 suficiente para compensar a redu\u00e7\u00e3o nos rendimentos.&#13;\n                                <\/p>\n<p class=\"text-[22px] leading-[1.4]    mt-[16px]   mb-[16px] \" style=\"padding-left: 0px;\">&#13;<br \/>\n                                    O relat\u00f3rio aponta chance de 65% a 80% de chuvas acima da m\u00e9dia na primavera nas regi\u00f5es produtoras de Queensland e Nova Gales do Sul. Em Vit\u00f3ria e Austr\u00e1lia Meridional, a probabilidade varia entre 55% e 70%. Na Austr\u00e1lia Ocidental, as chances s\u00e3o menores, entre 35% e 50%.&#13;\n                                <\/p>\n<p>                                                                                                        &#13;<\/p>\n<p>                                            <img decoding=\"async\" class=\"object-cover w-[100%] h-[100%]\" src=\"https:\/\/www.europesays.com\/pt\/wp-content\/uploads\/2025\/09\/54e5b0f8-f45b-4d6b-ad2b-97d7c2a0a174.jpg\"\/><\/p>\n<p>                                                &#13;<br \/>\n                                                    &#13;<\/p>\n<p>                                    &#13;<\/p>\n<p class=\"text-[22px] leading-[1.4]    mt-[16px]   mb-[16px] \" style=\"padding-left: 0px;\">&#13;<br \/>\n                                    A produ\u00e7\u00e3o de gr\u00e3os de ver\u00e3o deve somar 4,5 milh\u00f5es de toneladas, queda de 12%. Ainda assim, o volume fica 21% acima da m\u00e9dia da d\u00e9cada. A \u00e1rea plantada permanece elevada, com 1,3 milh\u00e3o de hectares, sustentada pela umidade no solo e previs\u00e3o positiva de chuvas na primavera.&#13;\n                                <\/p>\n<p class=\"text-[22px] leading-[1.4]    mt-[16px]   mb-[16px] \" style=\"padding-left: 0px;\">&#13;<br \/>\n                                    A produ\u00e7\u00e3o de sorgo deve cair 9%, para 2,4 milh\u00f5es de toneladas. A \u00e1rea plantada deve crescer 3%, atingindo 602 mil hectares, 16% acima da m\u00e9dia hist\u00f3rica. Os rendimentos devem ser menores que os do ano passado.&#13;\n                                <\/p>\n<p class=\"text-[22px] leading-[1.4]    mt-[16px]   mb-[16px] \" style=\"padding-left: 0px;\">&#13;<br \/>\n                                    A produ\u00e7\u00e3o de algod\u00e3o em pluma deve recuar 16%, para 1 milh\u00e3o de toneladas. A \u00e1rea plantada encolhe 11%, somando 461 mil hectares, especialmente em Nova Gales do Sul, onde a escassez de \u00e1gua e o aumento do custo da irriga\u00e7\u00e3o afetaram o cultivo.&#13;\n                                <\/p>\n<p class=\"text-[22px] leading-[1.4]    mt-[16px]   mb-[16px] \" style=\"padding-left: 0px;\">&#13;<br \/>\n                                    O arroz deve registrar a maior queda proporcional: 36%. A produ\u00e7\u00e3o esperada \u00e9 de pouco mais de 300 mil toneladas. A \u00e1rea plantada encolheu 30%, impactada pela redu\u00e7\u00e3o da disponibilidade h\u00eddrica na Bacia Murray-Darling e pela eleva\u00e7\u00e3o dos pre\u00e7os da \u00e1gua para irriga\u00e7\u00e3o.&#13;\n                                <\/p>\n","protected":false},"excerpt":{"rendered":"&#13; &#13; &#13; &#13; &#13; A safra de gr\u00e3os de inverno da Austr\u00e1lia em 2025\/26 deve atingir 62&hellip;\n","protected":false},"author":2,"featured_media":54439,"comment_status":"","ping_status":"","sticky":false,"template":"","format":"standard","meta":{"footnotes":""},"categories":[84],"tags":[562,8682,8683,8673,8674,109,107,108,8672,8681,8679,8676,8684,8680,4907,32,8677,33,105,103,104,8678,106,110,8675],"class_list":{"0":"post-54438","1":"post","2":"type-post","3":"status-publish","4":"format-standard","5":"has-post-thumbnail","7":"category-ciencia-e-tecnologia","8":"tag-agricultura","9":"tag-agricultura-familiar","10":"tag-agroindustria","11":"tag-agronomia","12":"tag-agropecuaria","13":"tag-ciencia","14":"tag-ciencia-e-tecnologia","15":"tag-cienciaetecnologia","16":"tag-cultivo","17":"tag-horticultura","18":"tag-inovacao-no-campo","19":"tag-manejo-de-culturas","20":"tag-maquinas-agricolas","21":"tag-mercado-agricola","22":"tag-pecuaria","23":"tag-portugal","24":"tag-producao-agricola","25":"tag-pt","26":"tag-science","27":"tag-science-and-technology","28":"tag-scienceandtechnology","29":"tag-sustentabilidade-rural","30":"tag-technology","31":"tag-tecnologia","32":"tag-tecnologia-agricola"},"share_on_mastodon":{"url":"","error":""},"_links":{"self":[{"href":"https:\/\/www.europesays.com\/pt\/wp-json\/wp\/v2\/posts\/54438","targetHints":{"allow":["GET"]}}],"collection":[{"href":"https:\/\/www.europesays.com\/pt\/wp-json\/wp\/v2\/posts"}],"about":[{"href":"https:\/\/www.europesays.com\/pt\/wp-json\/wp\/v2\/types\/post"}],"author":[{"embeddable":true,"href":"https:\/\/www.europesays.com\/pt\/wp-json\/wp\/v2\/users\/2"}],"replies":[{"embeddable":true,"href":"https:\/\/www.europesays.com\/pt\/wp-json\/wp\/v2\/comments?post=54438"}],"version-history":[{"count":0,"href":"https:\/\/www.europesays.com\/pt\/wp-json\/wp\/v2\/posts\/54438\/revisions"}],"wp:featuredmedia":[{"embeddable":true,"href":"https:\/\/www.europesays.com\/pt\/wp-json\/wp\/v2\/media\/54439"}],"wp:attachment":[{"href":"https:\/\/www.europesays.com\/pt\/wp-json\/wp\/v2\/media?parent=54438"}],"wp:term":[{"taxonomy":"category","embeddable":true,"href":"https:\/\/www.europesays.com\/pt\/wp-json\/wp\/v2\/categories?post=54438"},{"taxonomy":"post_tag","embeddable":true,"href":"https:\/\/www.europesays.com\/pt\/wp-json\/wp\/v2\/tags?post=54438"}],"curies":[{"name":"wp","href":"https:\/\/api.w.org\/{rel}","templated":true}]}}