{"id":54442,"date":"2025-09-01T19:14:09","date_gmt":"2025-09-01T19:14:09","guid":{"rendered":"https:\/\/www.europesays.com\/pt\/54442\/"},"modified":"2025-09-01T19:14:09","modified_gmt":"2025-09-01T19:14:09","slug":"nove-ex-diretores-de-agencia-de-saude-dos-eua-acusam-kennedy-de-por-em-perigo-cidadaos","status":"publish","type":"post","link":"https:\/\/www.europesays.com\/pt\/54442\/","title":{"rendered":"Nove ex-diretores de ag\u00eancia de sa\u00fade dos EUA acusam Kennedy de \u201cp\u00f4r em perigo\u201d cidad\u00e3os"},"content":{"rendered":"<p>  <a href=\"https:\/\/www.euromaster.pt\/\" target=\"_blank\" rel=\"noopener noreferrer nofollow\">&#13;<br \/>\n    <img decoding=\"async\" src=\"https:\/\/www.europesays.com\/pt\/wp-content\/uploads\/2025\/09\/Automonitor_900x150-1.jpg\" alt=\"Euromaster\" style=\"max-width: 900px; width: 100%; height: auto; display: block; margin: 0 auto;\"\/>&#13;<br \/>\n  <\/a><\/p>\n<p>Nove ex-diretores do Centro para Controlo e Preven\u00e7\u00e3o de Doen\u00e7as (CDC) dos Estados Unidos acusaram hoje o secret\u00e1rio da Sa\u00fade, Robert Kennedy Jr., de \u201cp\u00f4r em perigo a sa\u00fade de todos os norte-americanos\u201d com despedimentos.<\/p>\n<p>A purga em curso no CDC \u00e9 o mais recente epis\u00f3dio da crise entre o organismo nacional de sa\u00fade p\u00fablica norte-americano e Robert Fitzgerald Kennedy Jr. (RFK Jr), conhecido pela sua posi\u00e7\u00e3o antivacinas, que culminou na semana passada com a demiss\u00e3o da diretora, Susan Monarez, ap\u00f3s menos de um m\u00eas no cargo.<\/p>\n<p>No domingo, dois antigos respons\u00e1veis desta ag\u00eancia expressaram preocupa\u00e7\u00e3o com o \u201crisco de destrui\u00e7\u00e3o\u201d da sa\u00fade p\u00fablica e \u201cde ideologiza\u00e7\u00e3o\u201d das pol\u00edticas de sa\u00fade.<\/p>\n<p>O senador de esquerda Bernie Sanders apelou para a \u201cdemiss\u00e3o\u201d do secret\u00e1rio.<\/p>\n<p>\u201cN\u00f3s dirigimos o CDC: Kennedy est\u00e1 a p\u00f4r em perigo a sa\u00fade de todos os norte-americanos\u201d, alertaram nove ex-diretores da ag\u00eancia de sa\u00fade numa carta aberta publicada pelo di\u00e1rio The New York Times.<\/p>\n<p>Estes funcion\u00e1rios, na maioria m\u00e9dicos, lideraram o CDC nos \u00faltimos quase 50 anos, entre 1977 e 2025, desde o mandato do Presidente democrata Jimmy Carter ao in\u00edcio do segundo mandato do republicano Donald Trump.<\/p>\n<p>\u201cO secret\u00e1rio Kennedy despediu milhares de funcion\u00e1rios p\u00fablicos federais da sa\u00fade p\u00fablica e cortou drasticamente programas destinados a proteger os norte-americanos de cancro, patologias card\u00edacas, acidentes vasculares cerebrais (AVC), polui\u00e7\u00e3o por chumbo, les\u00f5es e viol\u00eancia\u201d, escreveram.<\/p>\n<p>\u201cO que ele fez ao CDC e ao sistema nacional de sa\u00fade \u2014 especialmente quando decidiu demitir Susan Monarez do seu cargo de diretora \u2014 \u00e9 diferente de tudo a que j\u00e1 assistimos na ag\u00eancia e de tudo o que o nosso pa\u00eds j\u00e1 viveu\u201d, prosseguiram os especialistas.<\/p>\n<p>\u201cIsto \u00e9 inaceit\u00e1vel e deve servir de alerta para todos os norte-americanos, independentemente da sua orienta\u00e7\u00e3o pol\u00edtica\u201d, alertaram os signat\u00e1rios da carta, entre os quais Tom Frieden, que serviu nos dois mandatos do Presidente democrata Barack Obama (2009-2017), e Anne Schuchat, que liderou o CDC em 2017 e 2018, no in\u00edcio do primeiro mandato de Donald Trump.<\/p>\n<p>Segundo os seus advogados, Susan Monarez recusou-se \u201ca aprovar diretrizes n\u00e3o-cient\u00edficas e perigosas\u201d pretendidas pelo secret\u00e1rio Kennedy, que a tinha escolhido um m\u00eas antes como diretora do CDC.<\/p>\n<p>Para o lugar desta cientista, a Casa Branca vai nomear Jim O\u2019Neill, bra\u00e7o-direito de RFK Jr. e ex-financeiro do setor da tecnologia, como diretor interino, de acordo com o di\u00e1rio The Washington Post.<\/p>\n","protected":false},"excerpt":{"rendered":"&#13; &#13; Nove ex-diretores do Centro para Controlo e Preven\u00e7\u00e3o de Doen\u00e7as (CDC) dos Estados Unidos acusaram hoje&hellip;\n","protected":false},"author":2,"featured_media":54443,"comment_status":"","ping_status":"","sticky":false,"template":"","format":"standard","meta":{"footnotes":""},"categories":[50],"tags":[27,28,15,16,14,25,26,21,22,62,12,13,19,20,23,24,17,18,29,30,31,63,64,65],"class_list":{"0":"post-54442","1":"post","2":"type-post","3":"status-publish","4":"format-standard","5":"has-post-thumbnail","7":"category-mundo","8":"tag-breaking-news","9":"tag-breakingnews","10":"tag-featured-news","11":"tag-featurednews","12":"tag-headlines","13":"tag-latest-news","14":"tag-latestnews","15":"tag-main-news","16":"tag-mainnews","17":"tag-mundo","18":"tag-news","19":"tag-noticias","20":"tag-noticias-principais","21":"tag-noticiasprincipais","22":"tag-principais-noticias","23":"tag-principaisnoticias","24":"tag-top-stories","25":"tag-topstories","26":"tag-ultimas","27":"tag-ultimas-noticias","28":"tag-ultimasnoticias","29":"tag-world","30":"tag-world-news","31":"tag-worldnews"},"share_on_mastodon":{"url":"","error":""},"_links":{"self":[{"href":"https:\/\/www.europesays.com\/pt\/wp-json\/wp\/v2\/posts\/54442","targetHints":{"allow":["GET"]}}],"collection":[{"href":"https:\/\/www.europesays.com\/pt\/wp-json\/wp\/v2\/posts"}],"about":[{"href":"https:\/\/www.europesays.com\/pt\/wp-json\/wp\/v2\/types\/post"}],"author":[{"embeddable":true,"href":"https:\/\/www.europesays.com\/pt\/wp-json\/wp\/v2\/users\/2"}],"replies":[{"embeddable":true,"href":"https:\/\/www.europesays.com\/pt\/wp-json\/wp\/v2\/comments?post=54442"}],"version-history":[{"count":0,"href":"https:\/\/www.europesays.com\/pt\/wp-json\/wp\/v2\/posts\/54442\/revisions"}],"wp:featuredmedia":[{"embeddable":true,"href":"https:\/\/www.europesays.com\/pt\/wp-json\/wp\/v2\/media\/54443"}],"wp:attachment":[{"href":"https:\/\/www.europesays.com\/pt\/wp-json\/wp\/v2\/media?parent=54442"}],"wp:term":[{"taxonomy":"category","embeddable":true,"href":"https:\/\/www.europesays.com\/pt\/wp-json\/wp\/v2\/categories?post=54442"},{"taxonomy":"post_tag","embeddable":true,"href":"https:\/\/www.europesays.com\/pt\/wp-json\/wp\/v2\/tags?post=54442"}],"curies":[{"name":"wp","href":"https:\/\/api.w.org\/{rel}","templated":true}]}}