{"id":54447,"date":"2025-09-01T19:17:15","date_gmt":"2025-09-01T19:17:15","guid":{"rendered":"https:\/\/www.europesays.com\/pt\/54447\/"},"modified":"2025-09-01T19:17:15","modified_gmt":"2025-09-01T19:17:15","slug":"tati-machado-desabafa-sobre-apoio-da-familia-apos-perder-o-filho-um-dia-de-cada-vez","status":"publish","type":"post","link":"https:\/\/www.europesays.com\/pt\/54447\/","title":{"rendered":"Tati Machado desabafa sobre apoio da fam\u00edlia ap\u00f3s perder o filho: &#8220;Um dia de cada vez&#8221;"},"content":{"rendered":"<p>Tati Machado fez um emocionante desabafo neste domingo (31), atrav\u00e9s das redes sociais, sobre o seu processo de luto ap\u00f3s perder o filho Rael, que faleceu no \u00faltimo m\u00eas de maio, durante a 33\u00aa semana de gesta\u00e7\u00e3o. No relato, a apresentadora ressaltou a import\u00e2ncia de ter passado os \u00faltimos meses no Rio de Janeiro, com o marido Bruno Monteiro, para receber o apoio da fam\u00edlia e amigos durante este per\u00edodo.<\/p>\n<p>\u201cDesde que tudo aconteceu, eu e Bruno sa\u00edmos de S\u00e3o Paulo e viemos pro nosso ref\u00fagio, pro Rio de Janeiro (\u2026) Dessa vez a escolha foi pra ficarmos perto da fam\u00edlia e dos amigos. E foi certeira. Foi aqui que enfrentamos todas as fases do luto. Lembro que no come\u00e7o, ainda sem sair muito de casa, nossa grande atra\u00e7\u00e3o era andar de bicicleta pela orla de Copacabana tarde da noite. At\u00e9 que virou uma praia, uma ida ao shopping, teatro, restaurante\u2026 literalmente um dia de cada vez, uma hora de cada vez. E n\u00e3o que ainda n\u00e3o seja assim, mas agora alguns peda\u00e7os est\u00e3o no lugar, sabe? Foram quatro meses intensos e importantes, de muito crescimento (\u2026) Obrigada ao meu pa\u00eds Rio de Janeiro por me ajudar a n\u00e3o esquecer quem eu sou. Obrigada a nossa fam\u00edlia por tantos momentos especiais juntos. Obrigada aos nossos amigos, que mesmo sem terem o que dizer, souberam nos escutar\u201d, escreveu Tati.<\/p>\n<p>A partir do dia 8 de setembro, Tati Machadoser\u00e1 a respons\u00e1vel por comandar o programa \u201cMais Voc\u00ea\u201d, da TV Globo, durante as f\u00e9rias de Ana Maria Braga. Atrav\u00e9s das redes sociais, ela comentou sobre o seu retorno e contou que, no dia 10 de setembro, tamb\u00e9m voltar\u00e1 ao comando do Saia Justa, do GNT, ao lado de Eliana, Erika Januza, Bela Gil e Juliette<\/p>\n<p>\u201cEstou muito feliz de poder voltar em um lugar que me acolhe tanto e que eu sinto que \u00e9 a minha casa. Estou muito honrada, animada e feliz. Me sinto muito acolhida. Neste momento t\u00e3o dif\u00edcil que eu e minha fam\u00edlia temos passado, voltar dessa maneira d\u00e1 um \u2018quentinho\u2019 no cora\u00e7\u00e3o inexplic\u00e1vel. Ficar tanto tempo afastada assim foi dif\u00edcil, mas foi muito importante, e estou muito animada para voltar\u201d, comemorou.<\/p>\n","protected":false},"excerpt":{"rendered":"Tati Machado fez um emocionante desabafo neste domingo (31), atrav\u00e9s das redes sociais, sobre o seu processo de&hellip;\n","protected":false},"author":2,"featured_media":54448,"comment_status":"","ping_status":"","sticky":false,"template":"","format":"standard","meta":{"footnotes":""},"categories":[145],"tags":[211,210,114,115,32,33],"class_list":{"0":"post-54447","1":"post","2":"type-post","3":"status-publish","4":"format-standard","5":"has-post-thumbnail","7":"category-celebridades","8":"tag-celebridades","9":"tag-celebrities","10":"tag-entertainment","11":"tag-entretenimento","12":"tag-portugal","13":"tag-pt"},"share_on_mastodon":{"url":"","error":""},"_links":{"self":[{"href":"https:\/\/www.europesays.com\/pt\/wp-json\/wp\/v2\/posts\/54447","targetHints":{"allow":["GET"]}}],"collection":[{"href":"https:\/\/www.europesays.com\/pt\/wp-json\/wp\/v2\/posts"}],"about":[{"href":"https:\/\/www.europesays.com\/pt\/wp-json\/wp\/v2\/types\/post"}],"author":[{"embeddable":true,"href":"https:\/\/www.europesays.com\/pt\/wp-json\/wp\/v2\/users\/2"}],"replies":[{"embeddable":true,"href":"https:\/\/www.europesays.com\/pt\/wp-json\/wp\/v2\/comments?post=54447"}],"version-history":[{"count":0,"href":"https:\/\/www.europesays.com\/pt\/wp-json\/wp\/v2\/posts\/54447\/revisions"}],"wp:featuredmedia":[{"embeddable":true,"href":"https:\/\/www.europesays.com\/pt\/wp-json\/wp\/v2\/media\/54448"}],"wp:attachment":[{"href":"https:\/\/www.europesays.com\/pt\/wp-json\/wp\/v2\/media?parent=54447"}],"wp:term":[{"taxonomy":"category","embeddable":true,"href":"https:\/\/www.europesays.com\/pt\/wp-json\/wp\/v2\/categories?post=54447"},{"taxonomy":"post_tag","embeddable":true,"href":"https:\/\/www.europesays.com\/pt\/wp-json\/wp\/v2\/tags?post=54447"}],"curies":[{"name":"wp","href":"https:\/\/api.w.org\/{rel}","templated":true}]}}