{"id":54461,"date":"2025-09-01T19:30:10","date_gmt":"2025-09-01T19:30:10","guid":{"rendered":"https:\/\/www.europesays.com\/pt\/54461\/"},"modified":"2025-09-01T19:30:10","modified_gmt":"2025-09-01T19:30:10","slug":"oficial-fc-porto-empresta-vasco-sousa-ao-moreirense-o-jogo","status":"publish","type":"post","link":"https:\/\/www.europesays.com\/pt\/54461\/","title":{"rendered":"Oficial: FC Porto empresta Vasco Sousa ao Moreirense &#8211; O Jogo"},"content":{"rendered":"<ol>\n<li><a href=\"https:\/\/news.google.com\/rss\/articles\/CBMijAFBVV95cUxQVnNpaEtzSDRGa3pqUnJpWlRzYzJXeXVCSHR5Z1B4SlZ3ZS03ZGpqWWpSMXNFSTg3M29fYjltNnNHd0hKTzhpWG02Rlo1c3BWNlBRVEt6MTlVOC1IZmVCNV9aYll6UDFzZi0wQVRjanc0UlhTZGxuU09NVS1mc0MyRlk1Mm52cmk4RHJNOA?oc=5\" target=\"_blank\" rel=\"nofollow noopener\">Oficial: FC Porto empresta Vasco Sousa ao Moreirense<\/a>&nbsp;&nbsp;O Jogo<\/li>\n<li><a href=\"https:\/\/news.google.com\/rss\/articles\/CBMinAFBVV95cUxNQ3B1YmNXMDRzWHppQXlXVEhIUEhqeHBYVVdJSmxzNnUyRy1Zd1I0QnRPampqTHB6dkhuaDBBN3gta3dNNUphS0taX2FkZlh5Q0VSQ0kybndYZGoxTERQaHQ5RzRUZXY2MHhXM19Md1lhWUFFbzEybnd2Y2J5ZXBaUDVrcjB0cFZDbVlTY3c3M3hnMkQyajM0WkFaUGI?oc=5\" target=\"_blank\" rel=\"nofollow noopener\">Vasco Sousa emprestado pelo FC Porto ao Moreirense<\/a>&nbsp;&nbsp;RTP<\/li>\n<li><a href=\"https:\/\/news.google.com\/rss\/articles\/CBMixAFBVV95cUxOTGpNblpTaUdheFh4TFkzVnNNSGdUZXlFS0pTNzhuQmd1bUdrcDZtczEzVjUyMmVobVAxdDRyYWtqNXpjMldlaF9FTlRnY2FvZ3BrVWtOOERoY0tRbjFQazdiNTNDX2dHRll6RmVzX0tYWUZOY3Nud1ZwV1ZZNDZLdVFYSU9PU3QtZFdxc3F2dEpPRDN1eUdFSTBvWHFCVlA5YXczbGcxMlRBeTBBZ0lKRU1PZWZZdHJzOUdlR1JTQWhtS09s?oc=5\" target=\"_blank\" rel=\"nofollow noopener\">FC Porto: J\u00e1 se sabe o tempo de dura\u00e7\u00e3o do novo contrato de Vasco Sousa<\/a>&nbsp;&nbsp;Bola na Rede<\/li>\n<li><a href=\"https:\/\/news.google.com\/rss\/articles\/CBMinwFBVV95cUxORnc4dWt5cUoxRVo1djJOM0FhR2pmek5na2o3NlZFN1BZQWJ5WnlMSTJMcVNmX1FGaG53T19fLVZvOENCamZUZlBNRDBHejc0V0kzVDg0LXRob0hSRHF5NEd4b1JZOXNuRVlhbzMwMWZIVGtzNmpfNURCdG1fak9wbXA3YU52OS1keGd5MUNjeUZuMS1iQWpnSWFxbEZqTGc?oc=5\" target=\"_blank\" rel=\"nofollow noopener\">Vasco Sousa renova com o FC Porto antes de ser emprestado<\/a>&nbsp;&nbsp;Adeptos de Bancada<\/li>\n<li><a href=\"https:\/\/news.google.com\/rss\/articles\/CBMitwFBVV95cUxPVVhfbkhVUGdkSWRYelZTNXlqRVdoR1ZjVlhxOU5kMHdsSXZqalBNV2xySXB2UmxQaDQtbGM1QlRTRGM5bklSeWRtMERUaEhHQ2lqWHZ3U2xxaWNoUHF6V3VPUzBueV9RMGpuYWxjeDFGcE5Xa3JtT0lFWEo4amZKa09sd1pnVGF3akxYZnpCYnlsSklPVzJReUEteXVxcHZzUzA4a04tNU9NeHYzTzhnUmpObkppZE0?oc=5\" target=\"_blank\" rel=\"nofollow noopener\">Vasco Sousa refor\u00e7a Moreirense por empr\u00e9stimo do FC Porto<\/a>&nbsp;&nbsp;Sportinforma<\/li>\n<\/ol>\n","protected":false},"excerpt":{"rendered":"Oficial: FC Porto empresta Vasco Sousa ao Moreirense&nbsp;&nbsp;O Jogo Vasco Sousa emprestado pelo FC Porto ao Moreirense&nbsp;&nbsp;RTP FC&hellip;\n","protected":false},"author":2,"featured_media":54462,"comment_status":"","ping_status":"","sticky":false,"template":"","format":"standard","meta":{"footnotes":""},"categories":[8],"tags":[27,28,15,16,14,25,26,21,22,12,13,19,20,32,23,24,33,17,18,29,30,31],"class_list":{"0":"post-54461","1":"post","2":"type-post","3":"status-publish","4":"format-standard","5":"has-post-thumbnail","7":"category-principais-noticias","8":"tag-breaking-news","9":"tag-breakingnews","10":"tag-featured-news","11":"tag-featurednews","12":"tag-headlines","13":"tag-latest-news","14":"tag-latestnews","15":"tag-main-news","16":"tag-mainnews","17":"tag-news","18":"tag-noticias","19":"tag-noticias-principais","20":"tag-noticiasprincipais","21":"tag-portugal","22":"tag-principais-noticias","23":"tag-principaisnoticias","24":"tag-pt","25":"tag-top-stories","26":"tag-topstories","27":"tag-ultimas","28":"tag-ultimas-noticias","29":"tag-ultimasnoticias"},"share_on_mastodon":{"url":"","error":""},"_links":{"self":[{"href":"https:\/\/www.europesays.com\/pt\/wp-json\/wp\/v2\/posts\/54461","targetHints":{"allow":["GET"]}}],"collection":[{"href":"https:\/\/www.europesays.com\/pt\/wp-json\/wp\/v2\/posts"}],"about":[{"href":"https:\/\/www.europesays.com\/pt\/wp-json\/wp\/v2\/types\/post"}],"author":[{"embeddable":true,"href":"https:\/\/www.europesays.com\/pt\/wp-json\/wp\/v2\/users\/2"}],"replies":[{"embeddable":true,"href":"https:\/\/www.europesays.com\/pt\/wp-json\/wp\/v2\/comments?post=54461"}],"version-history":[{"count":0,"href":"https:\/\/www.europesays.com\/pt\/wp-json\/wp\/v2\/posts\/54461\/revisions"}],"wp:featuredmedia":[{"embeddable":true,"href":"https:\/\/www.europesays.com\/pt\/wp-json\/wp\/v2\/media\/54462"}],"wp:attachment":[{"href":"https:\/\/www.europesays.com\/pt\/wp-json\/wp\/v2\/media?parent=54461"}],"wp:term":[{"taxonomy":"category","embeddable":true,"href":"https:\/\/www.europesays.com\/pt\/wp-json\/wp\/v2\/categories?post=54461"},{"taxonomy":"post_tag","embeddable":true,"href":"https:\/\/www.europesays.com\/pt\/wp-json\/wp\/v2\/tags?post=54461"}],"curies":[{"name":"wp","href":"https:\/\/api.w.org\/{rel}","templated":true}]}}