{"id":54465,"date":"2025-09-01T19:33:10","date_gmt":"2025-09-01T19:33:10","guid":{"rendered":"https:\/\/www.europesays.com\/pt\/54465\/"},"modified":"2025-09-01T19:33:10","modified_gmt":"2025-09-01T19:33:10","slug":"a-trilogia-epica-de-pj-pereira-ganha-edicao-definitiva-e-box-comemorativo-de-10-anos","status":"publish","type":"post","link":"https:\/\/www.europesays.com\/pt\/54465\/","title":{"rendered":"a trilogia \u00e9pica de PJ Pereira ganha edi\u00e7\u00e3o definitiva e box comemorativo de 10 anos"},"content":{"rendered":"<p>Deuses de Dois Mundos: a trilogia \u00e9pica de PJ Pereira ganha edi\u00e7\u00e3o definitiva e box comemorativo de 10 anos<\/p>\n<p>top of page<\/p>\n<p>bottom of page<\/p>\n","protected":false},"excerpt":{"rendered":"Deuses de Dois Mundos: a trilogia \u00e9pica de PJ Pereira ganha edi\u00e7\u00e3o definitiva e box comemorativo de 10&hellip;\n","protected":false},"author":2,"featured_media":54466,"comment_status":"","ping_status":"","sticky":false,"template":"","format":"standard","meta":{"footnotes":""},"categories":[143],"tags":[169,114,115,170,32,33],"class_list":{"0":"post-54465","1":"post","2":"type-post","3":"status-publish","4":"format-standard","5":"has-post-thumbnail","7":"category-livros","8":"tag-books","9":"tag-entertainment","10":"tag-entretenimento","11":"tag-livros","12":"tag-portugal","13":"tag-pt"},"share_on_mastodon":{"url":"","error":""},"_links":{"self":[{"href":"https:\/\/www.europesays.com\/pt\/wp-json\/wp\/v2\/posts\/54465","targetHints":{"allow":["GET"]}}],"collection":[{"href":"https:\/\/www.europesays.com\/pt\/wp-json\/wp\/v2\/posts"}],"about":[{"href":"https:\/\/www.europesays.com\/pt\/wp-json\/wp\/v2\/types\/post"}],"author":[{"embeddable":true,"href":"https:\/\/www.europesays.com\/pt\/wp-json\/wp\/v2\/users\/2"}],"replies":[{"embeddable":true,"href":"https:\/\/www.europesays.com\/pt\/wp-json\/wp\/v2\/comments?post=54465"}],"version-history":[{"count":0,"href":"https:\/\/www.europesays.com\/pt\/wp-json\/wp\/v2\/posts\/54465\/revisions"}],"wp:featuredmedia":[{"embeddable":true,"href":"https:\/\/www.europesays.com\/pt\/wp-json\/wp\/v2\/media\/54466"}],"wp:attachment":[{"href":"https:\/\/www.europesays.com\/pt\/wp-json\/wp\/v2\/media?parent=54465"}],"wp:term":[{"taxonomy":"category","embeddable":true,"href":"https:\/\/www.europesays.com\/pt\/wp-json\/wp\/v2\/categories?post=54465"},{"taxonomy":"post_tag","embeddable":true,"href":"https:\/\/www.europesays.com\/pt\/wp-json\/wp\/v2\/tags?post=54465"}],"curies":[{"name":"wp","href":"https:\/\/api.w.org\/{rel}","templated":true}]}}