{"id":54467,"date":"2025-09-01T19:34:11","date_gmt":"2025-09-01T19:34:11","guid":{"rendered":"https:\/\/www.europesays.com\/pt\/54467\/"},"modified":"2025-09-01T19:34:11","modified_gmt":"2025-09-01T19:34:11","slug":"ele-so-quer-parecer-bem-afonso-ofendido-com-declaracoes-de-jessica-eu-nao-preciso-tvi-player","status":"publish","type":"post","link":"https:\/\/www.europesays.com\/pt\/54467\/","title":{"rendered":"Ele s\u00f3 quer parecer bem? Afonso ofendido com declara\u00e7\u00f5es de J\u00e9ssica: \u00abEu n\u00e3o preciso&#8230;\u00bb &#8211; TVI Player"},"content":{"rendered":"<ol>\n<li><a href=\"https:\/\/news.google.com\/rss\/articles\/CBMiowFBVV95cUxPVVE0LUVvUHZyQWRyRlA0ZzdVTWVTMTNLZ3lvVGRHdE43clRqczQxejlvY3pnSG9nQi14anE2LUJnbm9CSkNYd1ppUURxa2RFUTdKMFpTbDc5SUdaUS10dDZMQ1c0UjFKWEM2M0g5Rm1tQlR2a0F2bzgtNHROalp4WDJobFV6b2dkZmFXWjBVNkNiVEZYc3JYZHRZYWVsOGtRRGhr?oc=5\" target=\"_blank\" rel=\"nofollow noopener\">Ele s\u00f3 quer parecer bem? Afonso ofendido com declara\u00e7\u00f5es de J\u00e9ssica: \u00abEu n\u00e3o preciso&#8230;\u00bb<\/a>&nbsp;&nbsp;TVI Player<\/li>\n<li><a href=\"https:\/\/news.google.com\/rss\/articles\/CBMiswFBVV95cUxQajdxRFZBQVJhVXRkN1QwNjF5MUhNTHVTdTZCVUJ6OVRnNjI1M2ZxNTlCb3NqbVNGOXpvUHljOXJQa1ZaYzBEOVY0TldQM3FvcU1zVEhOcmFMWjlfSElZc21RdHJYWFF2eEUzc2F3eVhKUmgydkpONHZMVmM0UTdjR3Y2OHVPWHdLSGhwODlJaGw5RHZweVI3b1plWDRKUlg0a3BfMXN0Y3VwZ3lFcS0wVW56cw?oc=5\" target=\"_blank\" rel=\"nofollow noopener\">Afonso Leit\u00e3o considera Viriato Quintela masoquista por n\u00e3o conseguir ir contra Ana Duarte<\/a>&nbsp;&nbsp;Dioguinho<\/li>\n<li><a href=\"https:\/\/news.google.com\/rss\/articles\/CBMitwFBVV95cUxNVUdOYm1OV1JPX1BlRzY0WnhrYU5rQlJJMnQ0N2VfaGh1d1h5dEpSRDU5ZHk2MUpEVnNwamlmTWRFWWs0LUw1V0IyYXFIV0c3MzFjZGQ1MjNBd3ZLdlVzWFVMTlV4S1pDMFFWaG12bkJkdFB2NVNzNGFFMnVzLXpCcExwejg4YUd5TlZRUUNPU0gxN1dEVEhXUlEwdTZsekp4T1FXZWRrZ18zUE9sckpBOTR6ckFfSjg?oc=5\" target=\"_blank\" rel=\"nofollow noopener\">Big Brother: Afonso Duarte acusa colegas de falsidade e critica rela\u00e7\u00e3o de Viriato com \u201cPocahontas\u201d<\/a>&nbsp;&nbsp;infocul.pt<\/li>\n<li><a href=\"https:\/\/news.google.com\/rss\/articles\/CBMixwFBVV95cUxQYkFjY1ZqbEdxM1ZtZDZRVHdhTVRsQ2pmLXdROEtXY0hrZWk1aUFDSzlmLWJwQ2FVTS1teHdJcXpIaDIwWnJ5a2xCbFA0d0ZsLVVBdmhxcERWbklWdWpCUmFMSVo4Y1ZkSVZ1QUhvSnV5U1dMeGkycTZKdjctbHJDLVREWGpYbFFhdnlZak5GNzd0eVBWUDV4UF9TbEhIOHBZeElVLU5KNHZlVUE1OWZSM1M1SGNLTlJscWJKQjNXTlJpN3MxQmhv?oc=5\" target=\"_blank\" rel=\"nofollow noopener\">Discuss\u00e3o entre Afonso Leit\u00e3o e Ana Duarte provoca o caos em pleno direto<\/a>&nbsp;&nbsp;Not\u00edcias de hoje &#8211; IOL<\/li>\n<\/ol>\n","protected":false},"excerpt":{"rendered":"Ele s\u00f3 quer parecer bem? Afonso ofendido com declara\u00e7\u00f5es de J\u00e9ssica: \u00abEu n\u00e3o preciso&#8230;\u00bb&nbsp;&nbsp;TVI Player Afonso Leit\u00e3o considera&hellip;\n","protected":false},"author":2,"featured_media":54468,"comment_status":"","ping_status":"","sticky":false,"template":"","format":"standard","meta":{"footnotes":""},"categories":[142],"tags":[2031,114,115,1417,32,33,151],"class_list":{"0":"post-54467","1":"post","2":"type-post","3":"status-publish","4":"format-standard","5":"has-post-thumbnail","7":"category-tv","8":"tag-afonso-leitao","9":"tag-entertainment","10":"tag-entretenimento","11":"tag-jessica-vieira","12":"tag-portugal","13":"tag-pt","14":"tag-tv"},"share_on_mastodon":{"url":"","error":""},"_links":{"self":[{"href":"https:\/\/www.europesays.com\/pt\/wp-json\/wp\/v2\/posts\/54467","targetHints":{"allow":["GET"]}}],"collection":[{"href":"https:\/\/www.europesays.com\/pt\/wp-json\/wp\/v2\/posts"}],"about":[{"href":"https:\/\/www.europesays.com\/pt\/wp-json\/wp\/v2\/types\/post"}],"author":[{"embeddable":true,"href":"https:\/\/www.europesays.com\/pt\/wp-json\/wp\/v2\/users\/2"}],"replies":[{"embeddable":true,"href":"https:\/\/www.europesays.com\/pt\/wp-json\/wp\/v2\/comments?post=54467"}],"version-history":[{"count":0,"href":"https:\/\/www.europesays.com\/pt\/wp-json\/wp\/v2\/posts\/54467\/revisions"}],"wp:featuredmedia":[{"embeddable":true,"href":"https:\/\/www.europesays.com\/pt\/wp-json\/wp\/v2\/media\/54468"}],"wp:attachment":[{"href":"https:\/\/www.europesays.com\/pt\/wp-json\/wp\/v2\/media?parent=54467"}],"wp:term":[{"taxonomy":"category","embeddable":true,"href":"https:\/\/www.europesays.com\/pt\/wp-json\/wp\/v2\/categories?post=54467"},{"taxonomy":"post_tag","embeddable":true,"href":"https:\/\/www.europesays.com\/pt\/wp-json\/wp\/v2\/tags?post=54467"}],"curies":[{"name":"wp","href":"https:\/\/api.w.org\/{rel}","templated":true}]}}