{"id":54478,"date":"2025-09-01T19:47:07","date_gmt":"2025-09-01T19:47:07","guid":{"rendered":"https:\/\/www.europesays.com\/pt\/54478\/"},"modified":"2025-09-01T19:47:07","modified_gmt":"2025-09-01T19:47:07","slug":"lancamento-do-livro-sobre-negocios-sustentaveis-em-bh","status":"publish","type":"post","link":"https:\/\/www.europesays.com\/pt\/54478\/","title":{"rendered":"Lan\u00e7amento do livro sobre neg\u00f3cios sustent\u00e1veis em BH"},"content":{"rendered":"<p>O livro &#8220;Neg\u00f3cios Sustent\u00e1veis &#8211; Integrando Governan\u00e7a, Gest\u00e3o Ambiental e Responsabilidade Social&#8221; foi lan\u00e7ado em Belo Horizonte.<\/p>\n<p>Luciana Costa \u00e9 uma das coautoras do livro que aborda a import\u00e2ncia da sustentabilidade no universo corporativo, com foco nas pr\u00e1ticas de ESG.\u00a0<\/p>\n<p>Luciana \u00e9 uma profissional com mais de 20 anos de experi\u00eancia no desenvolvimento de projetos e a\u00e7\u00f5es com foco em neg\u00f3cios sustent\u00e1veis em grandes empresas nos setores de comunica\u00e7\u00e3o, tecnologia, automotivo, siderurgia, minera\u00e7\u00e3o e educa\u00e7\u00e3o.<\/p>\n<p><strong>Perspectivas para o Futuro<\/strong><\/p>\n<p>No cap\u00edtulo intitulado &#8220;Perspectiva para o Futuro&#8221;, a autora apresenta novos conceitos para a agenda de ESG que devem orientar a atua\u00e7\u00e3o das empresas e institui\u00e7\u00f5es para o longo prazo.<\/p>\n<p>Ao navegar por terminologias como No Washing e Marcas Educadoras, a autora traz uma nova perspectiva para a atua\u00e7\u00e3o respons\u00e1vel e uma vis\u00e3o sobre o comportamento dos consumidores atentos \u00e0 pauta de sustentabilidade.<\/p>\n<p>No momento em que essa agenda ganha contornos globais, pensar no futuro e, principalmente, em como podemos constru\u00ed-lo hoje, \u00e9 o principal tema do artigo, que fecha o livro com uma abordagem inovadora.<\/p>\n","protected":false},"excerpt":{"rendered":"O livro &#8220;Neg\u00f3cios Sustent\u00e1veis &#8211; Integrando Governan\u00e7a, Gest\u00e3o Ambiental e Responsabilidade Social&#8221; foi lan\u00e7ado em Belo Horizonte. Luciana&hellip;\n","protected":false},"author":2,"featured_media":54479,"comment_status":"","ping_status":"","sticky":false,"template":"","format":"standard","meta":{"footnotes":""},"categories":[143],"tags":[169,114,115,6551,237,170,15687,32,33],"class_list":{"0":"post-54478","1":"post","2":"type-post","3":"status-publish","4":"format-standard","5":"has-post-thumbnail","7":"category-livros","8":"tag-books","9":"tag-entertainment","10":"tag-entretenimento","11":"tag-esg","12":"tag-livro","13":"tag-livros","14":"tag-luciana-costa","15":"tag-portugal","16":"tag-pt"},"share_on_mastodon":{"url":"","error":""},"_links":{"self":[{"href":"https:\/\/www.europesays.com\/pt\/wp-json\/wp\/v2\/posts\/54478","targetHints":{"allow":["GET"]}}],"collection":[{"href":"https:\/\/www.europesays.com\/pt\/wp-json\/wp\/v2\/posts"}],"about":[{"href":"https:\/\/www.europesays.com\/pt\/wp-json\/wp\/v2\/types\/post"}],"author":[{"embeddable":true,"href":"https:\/\/www.europesays.com\/pt\/wp-json\/wp\/v2\/users\/2"}],"replies":[{"embeddable":true,"href":"https:\/\/www.europesays.com\/pt\/wp-json\/wp\/v2\/comments?post=54478"}],"version-history":[{"count":0,"href":"https:\/\/www.europesays.com\/pt\/wp-json\/wp\/v2\/posts\/54478\/revisions"}],"wp:featuredmedia":[{"embeddable":true,"href":"https:\/\/www.europesays.com\/pt\/wp-json\/wp\/v2\/media\/54479"}],"wp:attachment":[{"href":"https:\/\/www.europesays.com\/pt\/wp-json\/wp\/v2\/media?parent=54478"}],"wp:term":[{"taxonomy":"category","embeddable":true,"href":"https:\/\/www.europesays.com\/pt\/wp-json\/wp\/v2\/categories?post=54478"},{"taxonomy":"post_tag","embeddable":true,"href":"https:\/\/www.europesays.com\/pt\/wp-json\/wp\/v2\/tags?post=54478"}],"curies":[{"name":"wp","href":"https:\/\/api.w.org\/{rel}","templated":true}]}}