{"id":54484,"date":"2025-09-01T19:51:04","date_gmt":"2025-09-01T19:51:04","guid":{"rendered":"https:\/\/www.europesays.com\/pt\/54484\/"},"modified":"2025-09-01T19:51:04","modified_gmt":"2025-09-01T19:51:04","slug":"oficial-fc-porto-anuncia-jakub-kiwior","status":"publish","type":"post","link":"https:\/\/www.europesays.com\/pt\/54484\/","title":{"rendered":"OFICIAL: FC Porto anuncia Jakub Kiwior"},"content":{"rendered":"<p>O FC Porto anunciou Jakub Kiwior como refor\u00e7o.\u00a0O defesa de 25 anos chega proveniente do Arsenal a t\u00edtulo de empr\u00e9stimo, sendo que os drag\u00f5es pagam dois milh\u00f5es de euros ao clube ingl\u00eas.\u00a0<\/p>\n<p>A ced\u00eancia conta com uma op\u00e7\u00e3o de compra fixada nos 17 milh\u00f5es de euros por 100 por cento do passe do jogador, aos quais se podem acrescer\u00a0at\u00e9 cinco milh\u00f5es de euros em objetivos.<\/p>\n<p>Internacional polaco, Kiwior jogou no Arsenal nas \u00faltimas tr\u00eas temporadas. Antes tinha representado o Spezia, da Liga Italiana, por uma \u00e9poca e meia. Passou tamb\u00e9m pelo MSK Zilina e pelo Podbrezov\u00e1, da Eslov\u00e1quia.\u00a0<\/p>\n<p>Na \u00faltima temporada, pelos \u00abGunners\u00bb, Kiwior foi op\u00e7\u00e3o em 30 encontros, somando um golo e duas assist\u00eancias. O canhoto polaco jogador que pode tanto jogar a defesa central como tamb\u00e9m a lateral esquerdo.\u00a0<\/p>\n<p>\u00c9, portanto, um refor\u00e7o de peso para a linha defensiva de Francesco Farioli , que j\u00e1 havia contratado o compatriota Jan Bednarek na presente janela de mercado.<\/p>\n<p>Kiwior \u00e9 o novo camisola 4 do FC Porto.\u00a0<\/p>\n<blockquote class=\"twitter-tweet\">\n<p lang=\"en\">Our new number 4\u20e3<\/p>\n<p>Welcome, Jakub \ud83c\uddf5\ud83c\uddf1<a href=\"https:\/\/twitter.com\/hashtag\/SeguimosJuntos?src=hash&amp;ref_src=twsrc%5Etfw\" rel=\"nofollow noopener\" target=\"_blank\">#SeguimosJuntos<\/a> <a href=\"https:\/\/t.co\/pNbqkVNBqv\" rel=\"nofollow\">pic.twitter.com\/pNbqkVNBqv<\/a><\/p>\n<p> \u2014 FC Porto (@FCPorto)<br \/>\n  <a href=\"https:\/\/twitter.com\/FCPorto\/status\/1962594666106192210?ref_src=twsrc%5Etfw\" rel=\"nofollow noopener\" target=\"_blank\">September 1, 2025<\/a>\n <\/p><\/blockquote>\n<p>                                <script async src=\"https:\/\/platform.twitter.com\/widgets.js\" charset=\"utf-8\"><\/script><\/p>\n","protected":false},"excerpt":{"rendered":"O FC Porto anunciou Jakub Kiwior como refor\u00e7o.\u00a0O defesa de 25 anos chega proveniente do Arsenal a t\u00edtulo&hellip;\n","protected":false},"author":2,"featured_media":54485,"comment_status":"","ping_status":"","sticky":false,"template":"","format":"standard","meta":{"footnotes":""},"categories":[87],"tags":[707,135,282,11991,46,42,32,33,47,134,35],"class_list":{"0":"post-54484","1":"post","2":"type-post","3":"status-publish","4":"format-standard","5":"has-post-thumbnail","7":"category-desporto","8":"tag-arsenal","9":"tag-desporto","10":"tag-fc-porto","11":"tag-kiwior","12":"tag-maisfutebol","13":"tag-mercado","14":"tag-portugal","15":"tag-pt","16":"tag-pura-paixao","17":"tag-sports","18":"tag-transferencias"},"share_on_mastodon":{"url":"","error":""},"_links":{"self":[{"href":"https:\/\/www.europesays.com\/pt\/wp-json\/wp\/v2\/posts\/54484","targetHints":{"allow":["GET"]}}],"collection":[{"href":"https:\/\/www.europesays.com\/pt\/wp-json\/wp\/v2\/posts"}],"about":[{"href":"https:\/\/www.europesays.com\/pt\/wp-json\/wp\/v2\/types\/post"}],"author":[{"embeddable":true,"href":"https:\/\/www.europesays.com\/pt\/wp-json\/wp\/v2\/users\/2"}],"replies":[{"embeddable":true,"href":"https:\/\/www.europesays.com\/pt\/wp-json\/wp\/v2\/comments?post=54484"}],"version-history":[{"count":0,"href":"https:\/\/www.europesays.com\/pt\/wp-json\/wp\/v2\/posts\/54484\/revisions"}],"wp:featuredmedia":[{"embeddable":true,"href":"https:\/\/www.europesays.com\/pt\/wp-json\/wp\/v2\/media\/54485"}],"wp:attachment":[{"href":"https:\/\/www.europesays.com\/pt\/wp-json\/wp\/v2\/media?parent=54484"}],"wp:term":[{"taxonomy":"category","embeddable":true,"href":"https:\/\/www.europesays.com\/pt\/wp-json\/wp\/v2\/categories?post=54484"},{"taxonomy":"post_tag","embeddable":true,"href":"https:\/\/www.europesays.com\/pt\/wp-json\/wp\/v2\/tags?post=54484"}],"curies":[{"name":"wp","href":"https:\/\/api.w.org\/{rel}","templated":true}]}}